{"id":1379,"date":"2014-11-21T08:44:27","date_gmt":"2014-11-21T06:44:27","guid":{"rendered":"http:\/\/hp-salentin.de\/?p=1379"},"modified":"2014-11-21T09:14:06","modified_gmt":"2014-11-21T07:14:06","slug":"donnerstag-13-11-kattowisz","status":"publish","type":"post","link":"http:\/\/hp-salentin.de\/?p=1379","title":{"rendered":"Donnerstag 13.11 Kattowitz"},"content":{"rendered":"<p>Das letzte Konzert dieser Reihe mit Julia Sawicka und dem Orchester wurde zu einem einmaligen Abend.<\/p>\n<p><img loading=\"lazy\" decoding=\"async\" class=\"spotlight\" src=\"https:\/\/scontent-a-vie.xx.fbcdn.net\/hphotos-xap1\/t31.0-8\/10553936_385193431644970_8919892894685596028_o.jpg\" alt=\"\" width=\"623\" height=\"131\" \/><\/p>\n<p>&nbsp;<\/p>\n<p>Danke an Julia Swaicka , f\u00fcr diese wunderbare Gelegenheit mit der gro\u00dfartigen Band\u00a0 (\u00a0 YES Guys ..you are the Best )<\/p>\n<p><a href=\"http:\/\/hp-salentin.de\/wp-content\/uploads\/2014\/11\/10629282_384330298397950_4964267056978237476_o.jpg\"><img loading=\"lazy\" decoding=\"async\" class=\"alignleft size-medium wp-image-1380\" src=\"http:\/\/hp-salentin.de\/wp-content\/uploads\/2014\/11\/10629282_384330298397950_4964267056978237476_o-300x199.jpg\" alt=\"10629282_384330298397950_4964267056978237476_o\" width=\"300\" height=\"199\" \/><\/a> <a href=\"http:\/\/hp-salentin.de\/wp-content\/uploads\/2014\/11\/10628721_385918184905828_7793305612848014117_o.jpg\"><img loading=\"lazy\" decoding=\"async\" class=\"alignleft size-medium wp-image-1381\" src=\"http:\/\/hp-salentin.de\/wp-content\/uploads\/2014\/11\/10628721_385918184905828_7793305612848014117_o-300x199.jpg\" alt=\"10628721_385918184905828_7793305612848014117_o\" width=\"300\" height=\"199\" \/><\/a><\/p>\n<p>&nbsp;<\/p>\n<p>&nbsp;<\/p>\n<p>&nbsp;<\/p>\n<p>&nbsp;<\/p>\n<p>&nbsp;<\/p>\n<p>&nbsp;<\/p>\n<p><img loading=\"lazy\" decoding=\"async\" class=\"spotlight\" src=\"https:\/\/fbcdn-sphotos-h-a.akamaihd.net\/hphotos-ak-xpa1\/t31.0-8\/10506737_385917691572544_3133193320071036510_o.jpg\" alt=\"\" width=\"307\" height=\"204\" \/><\/p>\n<p>&nbsp;<\/p>\n<p>&nbsp;<\/p>\n<p>&nbsp;<\/p>\n<p>und dem Orchester der Musikakademie von Lviv zu spielen.<\/p>\n<p>So many great ,,smiles&#8220; through the concert&#8230;..:)<\/p>\n<p>Ein ,,kleines&#8220; europ\u00e4iches Projekt, aber einen riesen Projekt f\u00fcr alle Teilnehmer und Zuh\u00f6rer<\/p>\n<p><a href=\"http:\/\/hp-salentin.de\/wp-content\/uploads\/2014\/11\/10339236_384330271731286_1909159599502222959_o.jpg\"><img loading=\"lazy\" decoding=\"async\" class=\"alignleft size-medium wp-image-1382\" src=\"http:\/\/hp-salentin.de\/wp-content\/uploads\/2014\/11\/10339236_384330271731286_1909159599502222959_o-300x199.jpg\" alt=\"10339236_384330271731286_1909159599502222959_o\" width=\"300\" height=\"199\" \/><\/a><img decoding=\"async\" class=\"spotlight\" style=\"width: 298px; height: 198px;\" src=\"https:\/\/scontent-b-vie.xx.fbcdn.net\/hphotos-xpa1\/t31.0-8\/10682246_385917708239209_2499534691764693938_o.jpg\" alt=\"\" \/><\/p>\n<p>all Photos of that Tour by<\/p>\n<p>klosov photos store-Piotr Klosowicz ( or Privat)\u00a0 DANKE Piotrek !!!!!!<\/p>\n<div class=\"letterboxedImage photoWrap verticallyCentered\">\n<div class=\"uiScaledImageContainer scaledImage\"><img loading=\"lazy\" decoding=\"async\" class=\"scaledImageFitWidth img\" src=\"https:\/\/fbcdn-sphotos-g-a.akamaihd.net\/hphotos-ak-xfa1\/v\/t1.0-9\/p526x296\/1654453_385165618314418_7851881990087514876_n.jpg?oh=109770e9de5bf80f0b71a16debf538ed&amp;oe=55164F67&amp;__gda__=1427124233_d91680c106501efddcd22c1a02f4668b\" alt=\"Foto: http:\/\/www.swiatobrazu.pl\/fotografie\/galeria\/uzytkownika\/id\/71070\" width=\"139\" height=\"139\" \/><\/div>\n<\/div>\n<p>&nbsp;<\/p>\n","protected":false},"excerpt":{"rendered":"<p>Das letzte Konzert dieser Reihe mit Julia Sawicka und dem Orchester wurde zu einem einmaligen Abend. &nbsp; Danke an Julia Swaicka , f\u00fcr diese wunderbare Gelegenheit mit der gro\u00dfartigen Band\u00a0 (\u00a0 YES Guys ..you are the Best ) &nbsp; &nbsp; &nbsp; &nbsp; &nbsp; &nbsp; &nbsp; &nbsp; &nbsp; und dem Orchester der Musikakademie von Lviv zu [&hellip;]<\/p>\n","protected":false},"author":2,"featured_media":0,"comment_status":"closed","ping_status":"closed","sticky":false,"template":"","format":"standard","meta":{"footnotes":""},"categories":[1],"tags":[],"class_list":["post-1379","post","type-post","status-publish","format-standard","hentry","category-allgemein"],"_links":{"self":[{"href":"http:\/\/hp-salentin.de\/index.php?rest_route=\/wp\/v2\/posts\/1379","targetHints":{"allow":["GET"]}}],"collection":[{"href":"http:\/\/hp-salentin.de\/index.php?rest_route=\/wp\/v2\/posts"}],"about":[{"href":"http:\/\/hp-salentin.de\/index.php?rest_route=\/wp\/v2\/types\/post"}],"author":[{"embeddable":true,"href":"http:\/\/hp-salentin.de\/index.php?rest_route=\/wp\/v2\/users\/2"}],"replies":[{"embeddable":true,"href":"http:\/\/hp-salentin.de\/index.php?rest_route=%2Fwp%2Fv2%2Fcomments&post=1379"}],"version-history":[{"count":2,"href":"http:\/\/hp-salentin.de\/index.php?rest_route=\/wp\/v2\/posts\/1379\/revisions"}],"predecessor-version":[{"id":1387,"href":"http:\/\/hp-salentin.de\/index.php?rest_route=\/wp\/v2\/posts\/1379\/revisions\/1387"}],"wp:attachment":[{"href":"http:\/\/hp-salentin.de\/index.php?rest_route=%2Fwp%2Fv2%2Fmedia&parent=1379"}],"wp:term":[{"taxonomy":"category","embeddable":true,"href":"http:\/\/hp-salentin.de\/index.php?rest_route=%2Fwp%2Fv2%2Fcategories&post=1379"},{"taxonomy":"post_tag","embeddable":true,"href":"http:\/\/hp-salentin.de\/index.php?rest_route=%2Fwp%2Fv2%2Ftags&post=1379"}],"curies":[{"name":"wp","href":"https:\/\/api.w.org\/{rel}","templated":true}]}}