{"id":1398,"date":"2014-11-21T14:20:10","date_gmt":"2014-11-21T12:20:10","guid":{"rendered":"http:\/\/hp-salentin.de\/?p=1398"},"modified":"2014-11-21T14:20:10","modified_gmt":"2014-11-21T12:20:10","slug":"5-12-weihnachtslieder-im-orginal-in-der-evg-kirche-bad-muenstereifel-19-00","status":"publish","type":"post","link":"http:\/\/hp-salentin.de\/?p=1398","title":{"rendered":"5.12 Weihnachtslieder im Orginal in der evg Kirche Bad M\u00fcnstereifel 19.00"},"content":{"rendered":"<p>&nbsp;<\/p>\n<h2 class=\"entry-title\"><a href=\"http:\/\/paulduester.com\/2014\/11\/21\/bad-munstereifel-hans-peter-salentin-und-freunde-spielen-weihnachtslieder\/\" rel=\"bookmark\">BAD M\u00dcNSTEREIFEL. Hans-Peter Salentin und Freunde spielen \u201eWeihnachtslieder\u201c<\/a> im Orginal<\/h2>\n<div class=\"entry-meta\"><span class=\"meta-prep meta-prep-author\">Ver\u00f6ffentlicht am<\/span> <a title=\"12:40\" href=\"http:\/\/paulduester.com\/2014\/11\/21\/bad-munstereifel-hans-peter-salentin-und-freunde-spielen-weihnachtslieder\/\" rel=\"bookmark\"><span class=\"entry-date\">21. November 2014<\/span><\/a> <span class=\"by-author\"><span class=\"sep\">von<\/span> co <span class=\"author vcard\"><a class=\"url fn n\" title=\"Zeige alle Beitr\u00e4ge von P. D\u00fcster\" href=\"http:\/\/paulduester.com\/author\/paulduester\/\" rel=\"author\">P. D\u00fcster<\/a><\/span> <\/span><\/div>\n<div class=\"entry-content\">\n<p><strong>Die Weihnachtszeit, auch die Zeit der Stille und Besinnung genannt, wird in diesem Jahr mit Weihnachtsliedern von Hans-Peter Salentin und seinen Freunde in evangelischen Kirche in Bad M\u00fcnstereifel musikalisch neu erweckt. <\/strong><br \/>\nBad M\u00fcnstereifel. (PD) \u201eIch m\u00f6chte mit den Weihnachtsliedern Kindheitserinnerungenwecken. Dies ist ein lang gehegter Traum von mir und wir werden ihn der evangelischen Kirche in Bad M\u00fcnstereifel verwirklichen\u201c so Salentin vor seinem Weihnachtskonzert.<\/p>\n<p>St\u00fccke wie: Das Adventslied \u201eMaria durch ein Dornwald ging\u201c, der adventliche Choral \u201eEs kommt ein Schiff geladen\u201c oder das Weihnachtslied \u201eZu Bethlehem geboren\u201c<\/p>\n<p>geh\u00f6rte jahrelang zum Standartprogramm an den langen Winterabenden in den Familien. Heute sind sie fast in Vergessenheit geraten und das will der M\u00fcnstereifeler Musikprofessor Hans-Peter Salentin mit diesem Konzert \u00e4ndern.<\/p>\n<div class=\"_6ks\">\n<div class=\"_6l- __c_\">\n<div class=\"uiScaledImageContainer _6m5 fbStoryAttachmentImage\"><img loading=\"lazy\" decoding=\"async\" class=\"scaledImageFitWidth img\" src=\"https:\/\/fbexternal-a.akamaihd.net\/safe_image.php?d=AQD1FxGAw4y-xnqq&amp;w=487&amp;h=255&amp;url=https%3A%2F%2Fpaulduester.files.wordpress.com%2F2013%2F07%2Fweb-1207-hps-plays-davis-pd-5.jpg&amp;cfs=1&amp;upscale=1\" alt=\"\" width=\"267\" height=\"140\" \/><\/div>\n<\/div>\n<\/div>\n<p>&nbsp;<\/p>\n<p>Dabei werden die Musiker um Hans-Peter Salentin die St\u00fccke zun\u00e4chst im Original vortragen um sie dazwischen mit einer eigenen Note zu versehen.<\/p>\n<p>Nat\u00fcrlich hat sich zu Salentin daf\u00fcr ein starkes Ensemble gesellt.<\/p>\n<p>F\u00fcr den Gesang beim Weihnachtskonzert sorgt Bianka Kerres, S\u00e4ngerin, Gesangslehrerin und Chorleiterin aus Kerpen. Begleitet wird sie dabei vom begnadeten Pianisten Hans F\u00fccker und Bodo Klingelh\u00f6ferder, Inhaber der Musikschule Altstadt in Castrop-Rauxel, am Kontrabass. Das Ensemble wird komplettiert vom Hennefer Stephan Schneider an den Drums und Percussions, sowie dem Organisator Hans-Peter Salentin an der Trompete&amp;Fl\u00fcgelhorn.<br \/>\n\u201eDieser Abend in der evangelischen Kirche in Bad M\u00fcnstereifel, wird ein Abend der sch\u00f6nen Erinnerungen und gleichzeitig auch gelebte \u00d6kumene sein.<\/p>\n<p>Dort kommt sowohl katholisches als auch evangelisches Weihnachtsrepertoire der Familien zu Ohren \u201d, freut sich Salentin auf dem Konzertabend.<\/p>\n<p><img loading=\"lazy\" decoding=\"async\" class=\"shrinkToFit decoded\" src=\"https:\/\/paulduester.files.wordpress.com\/2014\/11\/plakat.jpg\" alt=\"https:\/\/paulduester.files.wordpress.com\/2014\/11\/plakat.jpg\" width=\"163\" height=\"230\" \/><\/p>\n<p>Der Abend der \u201eWeihnachtslieder\u201c findet am 5. Dezember 2014 statt. Beginn wird 19 Uhr sein in der evangelischen Kirche in Bad M\u00fcnstereifel.<\/p>\n<p>Eintritt: 12 Euro.<\/p>\n<p>Vorverkauf unter: (0 22 53) 67 06<\/p>\n<\/div>\n","protected":false},"excerpt":{"rendered":"<p>&nbsp; BAD M\u00dcNSTEREIFEL. Hans-Peter Salentin und Freunde spielen \u201eWeihnachtslieder\u201c im Orginal Ver\u00f6ffentlicht am 21. November 2014 von co P. D\u00fcster Die Weihnachtszeit, auch die Zeit der Stille und Besinnung genannt, wird in diesem Jahr mit Weihnachtsliedern von Hans-Peter Salentin und seinen Freunde in evangelischen Kirche in Bad M\u00fcnstereifel musikalisch neu erweckt. Bad M\u00fcnstereifel. (PD) \u201eIch [&hellip;]<\/p>\n","protected":false},"author":2,"featured_media":0,"comment_status":"closed","ping_status":"closed","sticky":false,"template":"","format":"standard","meta":{"footnotes":""},"categories":[1],"tags":[],"class_list":["post-1398","post","type-post","status-publish","format-standard","hentry","category-allgemein"],"_links":{"self":[{"href":"http:\/\/hp-salentin.de\/index.php?rest_route=\/wp\/v2\/posts\/1398","targetHints":{"allow":["GET"]}}],"collection":[{"href":"http:\/\/hp-salentin.de\/index.php?rest_route=\/wp\/v2\/posts"}],"about":[{"href":"http:\/\/hp-salentin.de\/index.php?rest_route=\/wp\/v2\/types\/post"}],"author":[{"embeddable":true,"href":"http:\/\/hp-salentin.de\/index.php?rest_route=\/wp\/v2\/users\/2"}],"replies":[{"embeddable":true,"href":"http:\/\/hp-salentin.de\/index.php?rest_route=%2Fwp%2Fv2%2Fcomments&post=1398"}],"version-history":[{"count":1,"href":"http:\/\/hp-salentin.de\/index.php?rest_route=\/wp\/v2\/posts\/1398\/revisions"}],"predecessor-version":[{"id":1399,"href":"http:\/\/hp-salentin.de\/index.php?rest_route=\/wp\/v2\/posts\/1398\/revisions\/1399"}],"wp:attachment":[{"href":"http:\/\/hp-salentin.de\/index.php?rest_route=%2Fwp%2Fv2%2Fmedia&parent=1398"}],"wp:term":[{"taxonomy":"category","embeddable":true,"href":"http:\/\/hp-salentin.de\/index.php?rest_route=%2Fwp%2Fv2%2Fcategories&post=1398"},{"taxonomy":"post_tag","embeddable":true,"href":"http:\/\/hp-salentin.de\/index.php?rest_route=%2Fwp%2Fv2%2Ftags&post=1398"}],"curies":[{"name":"wp","href":"https:\/\/api.w.org\/{rel}","templated":true}]}}