{"id":1401,"date":"2014-12-06T17:33:41","date_gmt":"2014-12-06T15:33:41","guid":{"rendered":"http:\/\/hp-salentin.de\/?p=1401"},"modified":"2014-12-06T17:33:41","modified_gmt":"2014-12-06T15:33:41","slug":"das-etwas-andere-weihnachtliche-konzert-von-salentin-und-seinen-freunden-in-der-evg-kirche-bad-muenstereifel","status":"publish","type":"post","link":"http:\/\/hp-salentin.de\/?p=1401","title":{"rendered":"Das etwas andere weihnachtliche Konzert von Salentin und seinen Freunden in der evg Kirche Bad M\u00fcnstereifel&#8230;&#8230;"},"content":{"rendered":"<p><img loading=\"lazy\" decoding=\"async\" class=\"spotlight\" src=\"https:\/\/fbcdn-sphotos-c-a.akamaihd.net\/hphotos-ak-xpa1\/t31.0-8\/1655816_741339112602519_6375262618543252753_o.jpg\" alt=\"\" width=\"267\" height=\"157\" \/> Photo co Paul D\u00fcster<\/p>\n<p>Co S-Press\u00a0\u00a0\u00a0\u00a0 K\u00f6ln 6.12.2014<\/p>\n<p><em>Manchmal gehen k\u00fcnstlerische Idee und ihre Umsetzung Hand in Hand. <\/em><\/p>\n<p><em>Um es vorweg zu nehmen.Dies war ein solches Konzert.<\/em><\/p>\n<p><img decoding=\"async\" class=\"spotlight\" style=\"width: 246px; height: 154px;\" src=\"https:\/\/fbcdn-sphotos-a-a.akamaihd.net\/hphotos-ak-xpa1\/t31.0-8\/1606431_741339552602475_5597474035833903097_o.jpg\" alt=\"\" \/> Photo co Paul D\u00fcster<\/p>\n<p>&nbsp;<\/p>\n<p><em>Salentin erkl\u00e4rte zu Beginn seine Absicht. Er wolle Weihnachtslieder in ihrer reinen Form spielen und somit .<\/em><\/p>\n<p><em>Erinnerungen an die eigene Kindheit der Zuh\u00f6rer wachrufen. Im Wechsel folgte nach jedem Lied eine Eigenkomposition<\/em><\/p>\n<p><em>Bianka Kerres ( Gesang ) setzte Salentin,s Idee sehr klar um. Ohne Effekthascherei sang sie die St\u00fccke , oft sogar A Capella, ohne Begleitung der anderen Musiker <\/em><\/p>\n<p><em>und dies hinterlie\u00df beim Zuh\u00f6rer oft tiefe Emotionen, waren diese Lieder doch mit eigenen Erinnerungen verkn\u00fcpft. <\/em><\/p>\n<p><em>Einige Besucher \u00e4u\u00dferten sich dahingehend, sie h\u00e4tten wohl doch zu nah am Wasser gebaut. Die nach jedem Weihnachtslied vorgetragenen Kompositionen Salentin,s waren in bester ECM Manier. <\/em><\/p>\n<p><em>Akustischer, zeitgen\u00f6ssischer Jazz, der oft die Stimmung des vorangegangenen St\u00fcckes aufnahm, aber durchaus gewollt ,auch diese brach. <\/em><\/p>\n<p><em>Hier zeigten die Musiker ihre gro\u00dfen Qualit\u00e4ten. Sehr sch\u00f6ne , entspannte Interaktion und herausragende Soli, bildeten den Kontrast zur Klarheit der Lieder.<\/em><\/p>\n<p><em>Hans F\u00fccker , am Piano, war nicht nur ein hervorragender Lied Begleiter , sondern zeigte auch gro\u00dfe Spielfreude bei den Eigenkompositionen und wurde zurecht vom Publikum mit Zwischenapplaus bedacht. <\/em><\/p>\n<p><em>Bodo Klingelh\u00f6fer am Kontrabass begleitete alle Musik mit einem warmen Sound und zeigte in seinen Soli , welches Potential in ihm steckt. <\/em><\/p>\n<p><em>Stephan Schneider ( Drums) kam die Aufgabe zu, sich bei den Liedern zur\u00fcckzunehmen, um dann bei den jazzigen St\u00fccken seine gesamte Bandbreite zu pr\u00e4sentieren. <\/em><\/p>\n<p><em>Sein Spiel war nie vordergr\u00fcndig und bot den Teppich , um darauf in aller Ruhe zu wandeln. <\/em><\/p>\n<p><em>Dies gelang Salentin, vor den 80 anwesenden Zuh\u00f6rern unglaublich entspannt und mit gro\u00dfer Tiefe. <\/em><\/p>\n<p><em>Auch er nahm sich in den Liedern zur\u00fcck und spielte hin und wieder sehr bl\u00e4sertypisch das Thema.<\/em><\/p>\n<p><em>Gegen Ende trafen sich doch beide unterschiedlichen Richtungen, das Lied und Salentin,s zeitgen\u00f6ssicher Jazz <\/em><\/p>\n<p><em>und verschmolzen bei ,, Es ist ein Ros entsprungen&#8220;, welches grandiose jazzige Soli beinhaltete. <\/em><\/p>\n<p><em>Dieses Konzert wurde , wie alle weihnachtlichen Events in dieser Zeit, mit ,,Stille Nacht -heilige Nacht &#8220; sehr puristisch beendet. <\/em><\/p>\n<p><em>Ein Konzertabend der tiefe Emotionen hinterlie\u00df.<\/em><\/p>\n<p><img decoding=\"async\" class=\"spotlight\" style=\"width: 149px; height: 230px;\" src=\"https:\/\/scontent-b-fra.xx.fbcdn.net\/hphotos-xfp1\/v\/t1.0-9\/10247277_741339285935835_279212827693328602_n.jpg?oh=ef81c6a0694c2ca7fb21e0305eca3645&amp;oe=550BAB1A\" alt=\"\" \/><img decoding=\"async\" class=\"spotlight\" style=\"width: 360px; height: 229px;\" src=\"https:\/\/fbcdn-sphotos-c-a.akamaihd.net\/hphotos-ak-xpf1\/t31.0-8\/1511873_741339262602504_882867866507349254_o.jpg\" alt=\"\" \/><\/p>\n<p>&nbsp;<\/p>\n<p><img decoding=\"async\" class=\"spotlight\" style=\"width: 363px; height: 228px;\" src=\"https:\/\/scontent-a-fra.xx.fbcdn.net\/hphotos-xpa1\/t31.0-8\/10830423_741339099269187_4648717059089468637_o.jpg\" alt=\"\" \/><img decoding=\"async\" class=\"spotlight\" style=\"width: 332px; height: 229px;\" src=\"https:\/\/fbcdn-sphotos-b-a.akamaihd.net\/hphotos-ak-xpf1\/t31.0-8\/10838234_741339162602514_102343149041643580_o.jpg\" alt=\"\" \/><\/p>\n<p>all Photos by Paul D\u00fcster co<\/p>\n","protected":false},"excerpt":{"rendered":"<p>Photo co Paul D\u00fcster Co S-Press\u00a0\u00a0\u00a0\u00a0 K\u00f6ln 6.12.2014 Manchmal gehen k\u00fcnstlerische Idee und ihre Umsetzung Hand in Hand. Um es vorweg zu nehmen.Dies war ein solches Konzert. Photo co Paul D\u00fcster &nbsp; Salentin erkl\u00e4rte zu Beginn seine Absicht. Er wolle Weihnachtslieder in ihrer reinen Form spielen und somit . Erinnerungen an die eigene Kindheit der [&hellip;]<\/p>\n","protected":false},"author":2,"featured_media":0,"comment_status":"closed","ping_status":"closed","sticky":false,"template":"","format":"standard","meta":{"footnotes":""},"categories":[1],"tags":[],"class_list":["post-1401","post","type-post","status-publish","format-standard","hentry","category-allgemein"],"_links":{"self":[{"href":"http:\/\/hp-salentin.de\/index.php?rest_route=\/wp\/v2\/posts\/1401","targetHints":{"allow":["GET"]}}],"collection":[{"href":"http:\/\/hp-salentin.de\/index.php?rest_route=\/wp\/v2\/posts"}],"about":[{"href":"http:\/\/hp-salentin.de\/index.php?rest_route=\/wp\/v2\/types\/post"}],"author":[{"embeddable":true,"href":"http:\/\/hp-salentin.de\/index.php?rest_route=\/wp\/v2\/users\/2"}],"replies":[{"embeddable":true,"href":"http:\/\/hp-salentin.de\/index.php?rest_route=%2Fwp%2Fv2%2Fcomments&post=1401"}],"version-history":[{"count":1,"href":"http:\/\/hp-salentin.de\/index.php?rest_route=\/wp\/v2\/posts\/1401\/revisions"}],"predecessor-version":[{"id":1402,"href":"http:\/\/hp-salentin.de\/index.php?rest_route=\/wp\/v2\/posts\/1401\/revisions\/1402"}],"wp:attachment":[{"href":"http:\/\/hp-salentin.de\/index.php?rest_route=%2Fwp%2Fv2%2Fmedia&parent=1401"}],"wp:term":[{"taxonomy":"category","embeddable":true,"href":"http:\/\/hp-salentin.de\/index.php?rest_route=%2Fwp%2Fv2%2Fcategories&post=1401"},{"taxonomy":"post_tag","embeddable":true,"href":"http:\/\/hp-salentin.de\/index.php?rest_route=%2Fwp%2Fv2%2Ftags&post=1401"}],"curies":[{"name":"wp","href":"https:\/\/api.w.org\/{rel}","templated":true}]}}