{"id":1752,"date":"2016-01-16T09:31:27","date_gmt":"2016-01-16T07:31:27","guid":{"rendered":"http:\/\/hp-salentin.de\/?p=1752"},"modified":"2016-01-16T09:31:27","modified_gmt":"2016-01-16T07:31:27","slug":"bad-muenstereifel-salentins-konzertreihe-2016-in-der-evg-kirche","status":"publish","type":"post","link":"http:\/\/hp-salentin.de\/?p=1752","title":{"rendered":"Bad M\u00fcnstereifel : Salentin,s Konzertreihe 2016 in der evg Kirche"},"content":{"rendered":"<div class=\"_6ks\">\n<div class=\"_6l- __c_\">\n<div class=\"uiScaledImageContainer _6m5 fbStoryAttachmentImage\"><img loading=\"lazy\" decoding=\"async\" class=\"scaledImageFitWidth img\" src=\"https:\/\/external-frt3-1.xx.fbcdn.net\/safe_image.php?d=AQAyeghLcEkOv5Zd&amp;w=470&amp;h=246&amp;url=http%3A%2F%2Feifelon.de%2Fwp-content%2Fuploads%2F2016%2F01%2FEifelon-HPS-PD-1.jpg&amp;cfs=1&amp;upscale=1&amp;sx=0&amp;sy=0&amp;sw=600&amp;sh=314&amp;ext=png2jpg\" alt=\"\" width=\"470\" height=\"246\" \/><\/div>\n<\/div>\n<\/div>\n<p>Photo co Paul D\u00fcster Presseportal<\/p>\n<p>Presse Text Paul D\u00fcster<\/p>\n<h1 id=\"single_h1\">Konzertreihe von Hans-Peter Salentin<\/h1>\n<div>\n<p><span class=\"underline\">Bad M\u00fcnstereifel:<\/span> Der deutsche Top-Jazztrompeter Hans-Peter Salentin und sein Label \u201eDewey Records\u201c werden auch in 2016 wieder eine Konzertreihe in der evangelischen Kirche in Bad M\u00fcnstereifel pr\u00e4sentieren.<\/p>\n<p><strong>Die Termine: <\/strong><br \/>\n<strong>1. April:<\/strong> \u201eMusic &amp; Meditations\u201c. Sph\u00e4rische Musik f\u00fcr das gro\u00dfe Ensemble.<br \/>\nDie Musiker: Adrian Wachowiak (Piano), Uwe B\u00f6ttcher (Bass &amp; Violine), Moritz Baranczyk (Drums), Yves Ferrand (Saxophone) und Hans-Peter Salentin (Trompete und Fl\u00fcgelhorn). (Kein Vorverkauf)<\/p>\n<p><strong>3. Juni:<\/strong> \u201eTravel\u201d. Groovige Kompositionen aus der Feder von Hans-Peter Salentin.<br \/>\nDie Musiker: Emanuel Stanley (Bass), J\u00fcrgen Dahmen (Piano), Stephan Schneider (Drums) und Hans-Peter Salentin (Trompete und Fl\u00fcgelhorn).<\/p>\n<p><strong>9. September:<\/strong> \u201eZwischentr\u00e4ume\u201c Musik und Lyrik.<br \/>\nDabei: Mona Creutzer (Rezitation), Stephan Schmolck (Bass, elektronische Effekte), Hans-Peter Salentin (Trompete, Fl\u00fcgelhorn und elektronische Effekte).<\/p>\n<p><strong>9. Dezember:<\/strong> \u201eWeihnachtslieder\u201c Weihnachtslieder im Original und jazzige Kompositionen von Salentin.<br \/>\nDie Musiker: Bianka Kerres (Gesang), Bodo Klingelh\u00f6fer (Bass), Hans F\u00fccker (Piano), Stephan Schneider ( Drums), Hans Peter Salentin ( Trompete und Fl\u00fcglehorn).<\/p>\n<p>Beginn ist jeweils um 19.00 Uhr, der Eintritt kostet 12 Euro. Vorverkauf unter: 02253 \u2013 67 06 oder an <span id=\"e501437559\"><a href=\"mailto:hpsalentin@aol.com\">hpsalentin@aol.com<\/a><\/span><\/p>\n<\/div>\n","protected":false},"excerpt":{"rendered":"<p>Photo co Paul D\u00fcster Presseportal Presse Text Paul D\u00fcster Konzertreihe von Hans-Peter Salentin Bad M\u00fcnstereifel: Der deutsche Top-Jazztrompeter Hans-Peter Salentin und sein Label \u201eDewey Records\u201c werden auch in 2016 wieder eine Konzertreihe in der evangelischen Kirche in Bad M\u00fcnstereifel pr\u00e4sentieren. Die Termine: 1. April: \u201eMusic &amp; Meditations\u201c. Sph\u00e4rische Musik f\u00fcr das gro\u00dfe Ensemble. Die Musiker: [&hellip;]<\/p>\n","protected":false},"author":2,"featured_media":0,"comment_status":"closed","ping_status":"closed","sticky":false,"template":"","format":"standard","meta":{"footnotes":""},"categories":[1],"tags":[],"class_list":["post-1752","post","type-post","status-publish","format-standard","hentry","category-allgemein"],"_links":{"self":[{"href":"http:\/\/hp-salentin.de\/index.php?rest_route=\/wp\/v2\/posts\/1752","targetHints":{"allow":["GET"]}}],"collection":[{"href":"http:\/\/hp-salentin.de\/index.php?rest_route=\/wp\/v2\/posts"}],"about":[{"href":"http:\/\/hp-salentin.de\/index.php?rest_route=\/wp\/v2\/types\/post"}],"author":[{"embeddable":true,"href":"http:\/\/hp-salentin.de\/index.php?rest_route=\/wp\/v2\/users\/2"}],"replies":[{"embeddable":true,"href":"http:\/\/hp-salentin.de\/index.php?rest_route=%2Fwp%2Fv2%2Fcomments&post=1752"}],"version-history":[{"count":1,"href":"http:\/\/hp-salentin.de\/index.php?rest_route=\/wp\/v2\/posts\/1752\/revisions"}],"predecessor-version":[{"id":1753,"href":"http:\/\/hp-salentin.de\/index.php?rest_route=\/wp\/v2\/posts\/1752\/revisions\/1753"}],"wp:attachment":[{"href":"http:\/\/hp-salentin.de\/index.php?rest_route=%2Fwp%2Fv2%2Fmedia&parent=1752"}],"wp:term":[{"taxonomy":"category","embeddable":true,"href":"http:\/\/hp-salentin.de\/index.php?rest_route=%2Fwp%2Fv2%2Fcategories&post=1752"},{"taxonomy":"post_tag","embeddable":true,"href":"http:\/\/hp-salentin.de\/index.php?rest_route=%2Fwp%2Fv2%2Ftags&post=1752"}],"curies":[{"name":"wp","href":"https:\/\/api.w.org\/{rel}","templated":true}]}}