{"id":1800,"date":"2016-04-06T09:39:07","date_gmt":"2016-04-06T07:39:07","guid":{"rendered":"http:\/\/hp-salentin.de\/?p=1800"},"modified":"2016-04-06T09:42:38","modified_gmt":"2016-04-06T07:42:38","slug":"konzert-kritik-dueren-nachrichten-und-zeitung-5-04","status":"publish","type":"post","link":"http:\/\/hp-salentin.de\/?p=1800","title":{"rendered":"Konzert Kritik D\u00fcren Nachrichten und Zeitung 5.04 !"},"content":{"rendered":"<div data-contents=\"true\">\n<div class=\"\" data-offset-key=\"a8fcf-0-0\" data-editor=\"7chpc\" data-block=\"true\">\n<div class=\"_1mf _1mj\" data-offset-key=\"a8fcf-0-0\">\n<div class=\"picture\"><\/div>\n<p><span data-offset-key=\"a8fcf-0-0\"><span data-text=\"true\"><strong>Asche auf mein Haupt :<\/strong> <\/span><\/span><\/p>\n<\/div>\n<div class=\"_1mf _1mj\" data-offset-key=\"a8fcf-0-0\"><span data-offset-key=\"a8fcf-0-0\"><span data-text=\"true\">diesen Artikel gibt es in D\u00fcren \u00fcber das Konzert, im Bezahl Abo und das ist mehr als verst\u00e4ndlich. <\/span><\/span><\/div>\n<div class=\"_1mf _1mj\" data-offset-key=\"a8fcf-0-0\"><span data-offset-key=\"a8fcf-0-0\"><span data-text=\"true\">Ich hatte bei der Redaktion angemerkt, das es keinen Artikel g\u00e4be und lag damit falsch.<\/span><\/span><\/div>\n<div class=\"_1mf _1mj\" data-offset-key=\"a8fcf-0-0\"><span data-offset-key=\"a8fcf-0-0\"><span data-text=\"true\"> Danke f\u00fcr die Redaktion , die sofort ! auf meine Nachricht reagiert hat.<\/span><\/span><\/div>\n<div class=\"_1mf _1mj\" data-offset-key=\"a8fcf-0-0\"><span data-offset-key=\"a8fcf-0-0\"><span data-text=\"true\">http:\/\/www.aachener-zeitung.de\/lokales\/dueren\/hans-peter-salentin-sorgt-fuer-stimmungsvolle-klaenge-in-der-annakirche-1.1331162 <\/span><\/span><\/div>\n<div class=\"_1mf _1mj\" data-offset-key=\"a8fcf-0-0\"><span data-offset-key=\"a8fcf-0-0\"><span data-text=\"true\">\u00a0<\/span><\/span><\/div>\n<\/div>\n<div class=\"\" data-offset-key=\"cprtp-0-0\" data-editor=\"7chpc\" data-block=\"true\">\n<div class=\"_1mf _1mj\" data-offset-key=\"cprtp-0-0\">\n<div class=\"_6ks\">\n<div class=\"_6l- __c_\">\n<div class=\"uiScaledImageContainer _6m5 fbStoryAttachmentImage\"><img loading=\"lazy\" decoding=\"async\" class=\"scaledImageFitWidth img\" src=\"https:\/\/external-ams3-1.xx.fbcdn.net\/safe_image.php?d=AQDvj9czpLSBiW10&amp;w=487&amp;h=255&amp;url=http%3A%2F%2Fwww.aachener-zeitung.de%2Fpolopoly_fs%2F1.1331159%21%2FhttpImage%2Fimage.jpg_gen%2Fderivatives%2Flandscape_490%2Fimage.jpg&amp;cfs=1&amp;upscale=1&amp;sx=0&amp;sy=7&amp;sw=490&amp;sh=257&amp;ext=png2jpg\" alt=\"\" width=\"487\" height=\"255\" \/><\/div>\n<div class=\"uiScaledImageContainer _6m5 fbStoryAttachmentImage\">Photo by co Hendrik Buch<\/div>\n<\/div>\n<\/div>\n<p><span data-offset-key=\"cprtp-0-0\">\u00a0<\/span><\/p>\n<\/div>\n<\/div>\n<\/div>\n","protected":false},"excerpt":{"rendered":"<p>Asche auf mein Haupt : diesen Artikel gibt es in D\u00fcren \u00fcber das Konzert, im Bezahl Abo und das ist mehr als verst\u00e4ndlich. Ich hatte bei der Redaktion angemerkt, das es keinen Artikel g\u00e4be und lag damit falsch. Danke f\u00fcr die Redaktion , die sofort ! auf meine Nachricht reagiert hat. http:\/\/www.aachener-zeitung.de\/lokales\/dueren\/hans-peter-salentin-sorgt-fuer-stimmungsvolle-klaenge-in-der-annakirche-1.1331162 \u00a0 Photo by [&hellip;]<\/p>\n","protected":false},"author":2,"featured_media":0,"comment_status":"closed","ping_status":"closed","sticky":false,"template":"","format":"standard","meta":{"footnotes":""},"categories":[1],"tags":[],"class_list":["post-1800","post","type-post","status-publish","format-standard","hentry","category-allgemein"],"_links":{"self":[{"href":"http:\/\/hp-salentin.de\/index.php?rest_route=\/wp\/v2\/posts\/1800","targetHints":{"allow":["GET"]}}],"collection":[{"href":"http:\/\/hp-salentin.de\/index.php?rest_route=\/wp\/v2\/posts"}],"about":[{"href":"http:\/\/hp-salentin.de\/index.php?rest_route=\/wp\/v2\/types\/post"}],"author":[{"embeddable":true,"href":"http:\/\/hp-salentin.de\/index.php?rest_route=\/wp\/v2\/users\/2"}],"replies":[{"embeddable":true,"href":"http:\/\/hp-salentin.de\/index.php?rest_route=%2Fwp%2Fv2%2Fcomments&post=1800"}],"version-history":[{"count":2,"href":"http:\/\/hp-salentin.de\/index.php?rest_route=\/wp\/v2\/posts\/1800\/revisions"}],"predecessor-version":[{"id":1802,"href":"http:\/\/hp-salentin.de\/index.php?rest_route=\/wp\/v2\/posts\/1800\/revisions\/1802"}],"wp:attachment":[{"href":"http:\/\/hp-salentin.de\/index.php?rest_route=%2Fwp%2Fv2%2Fmedia&parent=1800"}],"wp:term":[{"taxonomy":"category","embeddable":true,"href":"http:\/\/hp-salentin.de\/index.php?rest_route=%2Fwp%2Fv2%2Fcategories&post=1800"},{"taxonomy":"post_tag","embeddable":true,"href":"http:\/\/hp-salentin.de\/index.php?rest_route=%2Fwp%2Fv2%2Ftags&post=1800"}],"curies":[{"name":"wp","href":"https:\/\/api.w.org\/{rel}","templated":true}]}}