{"id":1863,"date":"2016-05-27T22:06:12","date_gmt":"2016-05-27T20:06:12","guid":{"rendered":"http:\/\/hp-salentin.de\/?p=1863"},"modified":"2016-05-27T22:06:33","modified_gmt":"2016-05-27T20:06:33","slug":"konzert-3-06-travels-evg-kirche-bad-muenstereifel","status":"publish","type":"post","link":"http:\/\/hp-salentin.de\/?p=1863","title":{"rendered":"Konzert 3.06  Travels evg Kirche Bad M\u00fcnstereifel"},"content":{"rendered":"<blockquote>\n<div>\n<div><\/div>\n<div><span style=\"font-size: 24pt;\">Hans Peter Salentin,s Travels<\/span><\/div>\n<div><\/div>\n<div><span style=\"font-size: 24pt;\">Evg Kirche Bad M\u00fcnstereifel<\/span><\/div>\n<div><span style=\"font-size: 24pt;\"><img loading=\"lazy\" decoding=\"async\" class=\"spotlight\" src=\"https:\/\/scontent.ftxl1-1.fna.fbcdn.net\/v\/t1.0-9\/13237689_1017512794953082_1464167787946532370_n.jpg?oh=4624de6b5cb598bc914394f1d6850519&amp;oe=57DD2B19\" alt=\"\" width=\"412\" height=\"274\" \/><\/span><\/div>\n<div><span style=\"font-size: 24pt;\">Freitag 3.06.2016<\/span><\/div>\n<div><span style=\"font-size: 24pt;\">19.00Uhr<\/span><\/div>\n<div><span style=\"font-size: 24pt;\">12 Euro<\/span><\/div>\n<div><span style=\"font-size: 24pt;\">Vorverkauf 022536706<\/span><\/div>\n<div><\/div>\n<div><\/div>\n<div><\/div>\n<div><\/div>\n<\/div>\n<div><\/div>\n<div><\/div>\n<div><strong><span style=\"font-size: 24pt;\">S-Press :<\/span><\/strong><\/div>\n<\/blockquote>\n<blockquote>\n<div>\n<div>\n<div><span style=\"text-decoration: underline;\"><b><span style=\"font-size: large;\">5 Fragen an Prof. HpSalentin <\/span><\/b><\/span><\/div>\n<p>&nbsp;<\/p>\n<div><\/div>\n<div><\/div>\n<ol>\n<li>\n<div><b>Frage<\/b><\/div>\n<div><b>Sie sind h\u00e4ufig in Osteurop\u00e4ischen L\u00e4ndern unterwegs . <\/b><\/div>\n<div><b>Wie kam es zu dieser Entwicklung?<\/b><\/div>\n<\/li>\n<\/ol>\n<div>Salentin:<\/div>\n<div>Vor \u00fcber 25 Jahren fragte mich in Bekannter in K\u00f6ln nach einem Konzert, ob ich schon einmal in Polen gewesen w\u00e4re und dort g\u00e4be es einen gro\u00dfen Workshop und ob ich nicht Interesse h\u00e4tte dort zu unterrichten ? Ich sagte zu und daraus entwickelten sich Konzert Tourneen mit fast allen bekannten polnischen Jazzmusikern. Auch die heutige Szene ist mir sehr vertraut, da ich viele der heutigen ,,Stars&#8220; <span style=\"font-size: medium;\">in Polen<\/span>, sogar heutige ECM Musiker ( bedeutendes Jazz Label Europas), auf diesen Workshops, unterrichtet habe.<\/div>\n<div><\/div>\n<ol start=\"2\">\n<li>\n<div><b>Frage<\/b><\/div>\n<\/li>\n<\/ol>\n<div><\/div>\n<div><b>Sie sind k\u00fcrzlich erst von einer l\u00e4ngeren Ukraine Tour zur\u00fcck.<\/b><\/div>\n<div><b>Wie kam dies zustande ?<\/b><\/div>\n<div><\/div>\n<div>Salentin:<\/div>\n<div>Auch dieser Kontakt ergab sich durch einen Workshop 2015 in Polen.<\/div>\n<div>Dort sind internationale Teilnehmer aus ,Deutschland, Ukraine, Russland und nat\u00fcrlich Polen.<\/div>\n<div>Zwei junge ukrainische S\u00e4ngerinnen , Laura und Kristina Marti, gaben mir ihre CD und ich war schon sehr beeindruckt.<\/div>\n<div>Das war Musik mit Ethno -Elementen , Rhythmisch f\u00fcr uns Westeurop\u00e4er nicht so einfach , aber mit sehr eing\u00e4ngigen Melodien und mit hervorragenden Arrangements und Solisten.<\/div>\n<div>Nach fast 2 Wochen Workshop lernt man sich musikalisch gut kennen und diese beiden beschlossen mich 2016 in die Ukraine einzuladen. Dort hatte ich bereits zweimal auf einem der gr\u00f6\u00dften Jazz Festivals Europas gastiert, dem Alpha Jazz Festival in Lviv.<\/div>\n<div>Dort sind \u00fcbrigens in diesem Jahr Musiker wie , Al Jarreau , Arturo Sandoval,Pat Matheny ect ect&#8230;<\/div>\n<div><\/div>\n<div><\/div>\n<div><b>3.Frage<\/b><\/div>\n<div><b>Was haben Sie in der Ukraine gemacht ?<\/b><\/div>\n<div><\/div>\n<div>Salentin:<\/div>\n<div>Zuerst einmal haben wir im Vorfeld die k\u00fcnstlerische Richtung abgesprochen.<\/div>\n<div>Wir wollten ein akustisches Umfeld mit zweistimmigen Gesang und haben dann die entsprechenden St\u00fccke ausgesucht.<\/div>\n<div>Jeder hat in dieses Projekt eigene Kompositionen eingebracht.<\/div>\n<div>Ich habe sogar eigens daf\u00fcr neue St\u00fccke geschrieben, die aber nicht alle genommen wurden.<\/div>\n<div>(Salentin grinst )<\/div>\n<div>Die in der Ukraine sehr bekannte Pianistin Nataha Lebedeva ,hat den Gro\u00dfteil der Arrangements geschrieben und dann wurde geprobt.<\/div>\n<div>Zun\u00e4chst ohne mich in Kiew und dann in Lviv , dem fr\u00fcheren Lemberg.<\/div>\n<div>So begannen wir die Konzert Tournee in der Philharmonie von Lviv, dann Nachtzug nach Kiew, dort ein Konzert im Planetarium, weiter nach Odessa, au\u00dfer ein wenig Stadt und den <span style=\"font-size: medium;\">B<\/span>ahnhof habe ich nicht wirklich viel gesehen und zur\u00fcck nach Kiew, wo wir das letzte Konzert in der Philharmonie gespielt haben, welches dann auch als Video Produktion live mitgeschnitten wurde.<\/div>\n<div>Zwischen all den Tagen habe ich noch 2 Masterclasses in Lviv und Kiew gegeben und wir haben eine einst\u00fcndige TV Show mit unserer Musik bestritten.<\/div>\n<div>Ferner etliche Interviews mit Radiostationen usw \u2026.<\/div>\n<div>Das war schon ein sehr intensive Zeit, mit wenig Schlaf , aber immer super gutem Essen <span style=\"font-size: medium;\">und gro\u00dfartigen Hotels.<\/span><\/div>\n<div>\u00dcberhaupt war diese Tour von <span style=\"font-size: medium;\">,,<\/span>Jazz in Kiew<span style=\"font-size: medium;\">&#8220;<\/span> sehr gut organisiert und hier waren Profis am Werk.<\/div>\n<div>Der Tourrider ( dort stehen die Zeiten f\u00fcr den Tages und Nachtplan ) wurde vom Abflug bis zur R\u00fcckkehr nach Deutschland auf die Minute eingehalten. Da war schon ein Ding.<\/div>\n<div><\/div>\n<div><\/div>\n<div><b>4.<\/b><\/div>\n<div><b>Wie waren ihre Eindr\u00fccke ?<\/b><\/div>\n<div><\/div>\n<div>Salentin:<\/div>\n<div>Die Organisation war super professionell.<\/div>\n<div>Das Equipement und die Techniker sind auf heutigem hohen Level.<\/div>\n<div>Und die Musiker <span style=\"font-size: medium;\">sind <\/span>ohnehin gro\u00dfartig.<\/div>\n<div>Wir haben in den St\u00e4dten viele Restaurants aufgesucht und ich war schon von der Vielfalt<span style=\"font-size: medium;\">, Qualit\u00e4t und Einrichtungen <\/span>sehr \u00fcberrascht.<\/div>\n<div>Auch gibt es in der Ukraine , wie in Polen \u00fcbrigens auch , ein gro\u00dfes Interesse auszugehen.<\/div>\n<div>Und das sieht man auf den Stra\u00dfen<span style=\"font-size: medium;\">, in <\/span>Restaurants <span style=\"font-size: medium;\">und bei Konzerten<\/span> sehr deutlich.<\/div>\n<div>Wer glaubt, diese Land sei noch unterentwickelt, dem kann ich nur sagen, was viele Bereiche angeht haben die Ukrainer nicht gewartet. Sie sind sogar weiter als wir.<\/div>\n<div><\/div>\n<div><b>Zwischenfrage <\/b><\/div>\n<div><b>Wie meinen Sie das ?<\/b><\/div>\n<div><\/div>\n<div>Nun auch in der Ukraine gibt es ein Eventkultur.<\/div>\n<div>Wenn man zB ein Jazz Konzert in einem Planetarium , wie in Kiew ,veranstaltet so ist dies sicherlich f\u00fcr alle Beteiligten ein einmaliges Erlebnis und ein Event.<\/div>\n<div>Beeindruckende Bilder und wirklich gute Musik gehen hier Hand in Hand und die Resonanz des Publikums war gro\u00dfartig.<\/div>\n<div><span style=\"font-size: medium;\">Ein a<\/span>nderes Beispiel<\/div>\n<div>Lviv<span style=\"font-size: medium;\">( Lemberg )\u00a0<\/span> ist eine Touristische Stadt und dies wird auch auf allen Ebenen so vermarktet.<\/div>\n<div>Dort gibt es 50 Festivals im Jahr und <span style=\"font-size: medium;\">einzigartige <\/span>gastronomische Konzepte<span style=\"font-size: medium;\">.<\/span><\/div>\n<div><span style=\"font-size: medium;\">D<\/span>ie Gastronomen sind \u00fcbrigen untereinander sehr gut vernetzt, was ich sogar in einer deutschen Stadt nur schwer finden kann.<\/div>\n<div>Dies hat zur Folge , das die Stadt unglaublich belebt ist und das kulturelle Angebot wirklich beeindruckend ist.<\/div>\n<div>Ich habe das Gef\u00fchl, das wir hier eher ein Rolle r\u00fcckw\u00e4rts gemacht haben und die Neugierde auf Kultur doch erst wieder geweckt werden muss.<\/div>\n<div><\/div>\n<div><\/div>\n<div><b>5. und letzte Frage<\/b><\/div>\n<div><\/div>\n<div><b>Wie sehen ihre weiteren Pl\u00e4ne aus ?<\/b><\/div>\n<div><\/div>\n<div>Salentin<\/div>\n<div>Dieses Jahr ist der Wahnsinn. Ich habe sehr unterschiedliche Projekte und alle kommen dieses Jahr zum Zuge.<\/div>\n<div>Leider muss ich sogar Veranstalter auf 2017 vertr\u00f6sten.<\/div>\n<div>Wir werden das ,,internationale Jazz Project &#8220; mit Laura und Kristina Marti,in der Ukraine sehr schnell mit einer CD Produktion nach vorne bringen. Das hei\u00dft dann auch , nochmal ein paar Tage nach Kiew und vielleicht habe ich dann ein bisschen mehr Zeit mir die Stadt anzuschauen.<\/div>\n<div><\/div>\n<div><\/div>\n<div>Hier in Bad M\u00fcnstereifel gibt es am Freitag den 3.06 -19 Uhr ,den Zwischenstopp in der evg. Kirche Kirche mit treffender weise ,,Travels&#8220;.<\/div>\n<div>Diese sind groovige Kompositionen aus meiner Feder und waren Reisebegleiter oder sind auf Reisen entstanden. Hierzu habe ich langj\u00e4hrige Wegbegleiter eingeladen.<\/div>\n<div>Mit dem Pianisten J\u00fcrgen Dahmen verbindet mich auch ein langj\u00e4hrige Zusammenarbeit in der Harald Schmidt Show oder den Bassisten Emanuel Stanley und Stephan Schneider Drums. Mit beiden spielte ich vor \u00fcber 3o Jahren das erste Mal zusammen.<\/div>\n<div>Auf dieses Konzert der Reihe Kultur in Bad M\u00fcnstereifel freue ich mich besonders.<\/div>\n<div><\/div>\n<div><b>Herr Prof. Salentin, wir danken f\u00fcr dieses Interview.<\/b><\/div>\n<div><\/div>\n<div><\/div>\n<div><\/div>\n<div><span style=\"font-size: 24pt;\">Hans Peter Salentin,s Travels<\/span><\/div>\n<div><span style=\"font-size: 24pt;\">Evg Kirche Bad M\u00fcnstereifel<\/span><\/div>\n<div><span style=\"font-size: 24pt;\">Freitag 3.06.2016<\/span><\/div>\n<div><span style=\"font-size: 24pt;\">19.00Uhr<\/span><\/div>\n<div><span style=\"font-size: 24pt;\">12 Euro<\/span><\/div>\n<div><span style=\"font-size: 24pt;\">Vorverkauf 022536706<\/span><\/div>\n<div><\/div>\n<div><\/div>\n<\/div>\n<\/div>\n<\/blockquote>\n","protected":false},"excerpt":{"rendered":"<p>Hans Peter Salentin,s Travels Evg Kirche Bad M\u00fcnstereifel Freitag 3.06.2016 19.00Uhr 12 Euro Vorverkauf 022536706 S-Press : 5 Fragen an Prof. HpSalentin &nbsp; Frage Sie sind h\u00e4ufig in Osteurop\u00e4ischen L\u00e4ndern unterwegs . Wie kam es zu dieser Entwicklung? Salentin: Vor \u00fcber 25 Jahren fragte mich in Bekannter in K\u00f6ln nach einem Konzert, ob ich schon [&hellip;]<\/p>\n","protected":false},"author":2,"featured_media":0,"comment_status":"closed","ping_status":"closed","sticky":false,"template":"","format":"standard","meta":{"footnotes":""},"categories":[1],"tags":[],"class_list":["post-1863","post","type-post","status-publish","format-standard","hentry","category-allgemein"],"_links":{"self":[{"href":"http:\/\/hp-salentin.de\/index.php?rest_route=\/wp\/v2\/posts\/1863","targetHints":{"allow":["GET"]}}],"collection":[{"href":"http:\/\/hp-salentin.de\/index.php?rest_route=\/wp\/v2\/posts"}],"about":[{"href":"http:\/\/hp-salentin.de\/index.php?rest_route=\/wp\/v2\/types\/post"}],"author":[{"embeddable":true,"href":"http:\/\/hp-salentin.de\/index.php?rest_route=\/wp\/v2\/users\/2"}],"replies":[{"embeddable":true,"href":"http:\/\/hp-salentin.de\/index.php?rest_route=%2Fwp%2Fv2%2Fcomments&post=1863"}],"version-history":[{"count":2,"href":"http:\/\/hp-salentin.de\/index.php?rest_route=\/wp\/v2\/posts\/1863\/revisions"}],"predecessor-version":[{"id":1865,"href":"http:\/\/hp-salentin.de\/index.php?rest_route=\/wp\/v2\/posts\/1863\/revisions\/1865"}],"wp:attachment":[{"href":"http:\/\/hp-salentin.de\/index.php?rest_route=%2Fwp%2Fv2%2Fmedia&parent=1863"}],"wp:term":[{"taxonomy":"category","embeddable":true,"href":"http:\/\/hp-salentin.de\/index.php?rest_route=%2Fwp%2Fv2%2Fcategories&post=1863"},{"taxonomy":"post_tag","embeddable":true,"href":"http:\/\/hp-salentin.de\/index.php?rest_route=%2Fwp%2Fv2%2Ftags&post=1863"}],"curies":[{"name":"wp","href":"https:\/\/api.w.org\/{rel}","templated":true}]}}