{"id":1884,"date":"2016-06-27T09:20:08","date_gmt":"2016-06-27T07:20:08","guid":{"rendered":"http:\/\/hp-salentin.de\/?p=1884"},"modified":"2016-06-27T09:20:08","modified_gmt":"2016-06-27T07:20:08","slug":"piotr-baron-quintett-feat-hpsalentin-2425-06","status":"publish","type":"post","link":"http:\/\/hp-salentin.de\/?p=1884","title":{"rendered":"Piotr Baron Quintett feat HpSalentin 24\/25.06"},"content":{"rendered":"<p>Ungarn : das Jazz Lamatin Festival<\/p>\n<p>,,Kadish&#8220; hei\u00dft die Musik des Piotr Baron Quintett, die eine gro\u00dfe religi\u00f6se Tiefe hat.<\/p>\n<p>Salentin folgte der Einladung zu den Konzerten sehr gerne, da beide auch eine fast 30 J\u00e4hrige Freundschft verbindet.<\/p>\n<p>&nbsp;<\/p>\n<p><span class=\"_4n-j fsl\">\u0141ukasz \u017byta &#8211; Drums<br \/>\nMaciej Adamczak &#8211; Kontrabass<br \/>\nMicha\u0142 Tokaj &#8211; Piano<br \/>\nHans Peter Salentin &#8211; Trompete<br \/>\nPiotr Baron &#8211; Tenor Sax<br \/>\n<\/span><\/p>\n<p>auf diesem Festival traffen HpS und Stephane Bellmondo aufeinander .<\/p>\n<p>Der franz\u00f6sische Trompeter und Fl\u00fcgelhornist ist ist ein bedeutender Musiker der europ\u00e4ischen Jazz Szene und geh\u00f6rt zu Salentin,s Lieblingsmusiker<\/p>\n<div class=\"_2-sx\"><img loading=\"lazy\" decoding=\"async\" class=\"spotlight\" src=\"https:\/\/scontent-mxp1-1.xx.fbcdn.net\/v\/t1.0-9\/13524364_10208324155114885_7575372068632799516_n.jpg?oh=db18f3535557591a061d3143185c97ae&amp;oe=580C2625\" alt=\"\" width=\"221\" height=\"295\" \/><img loading=\"lazy\" decoding=\"async\" class=\"spotlight\" src=\"https:\/\/scontent-mxp1-1.xx.fbcdn.net\/v\/t1.0-9\/13529026_10208325901958555_643324341412988567_n.jpg?oh=aaf60e2135be3e1bbc5c82cc9a1df471&amp;oe=58065CEB\" alt=\"\" width=\"248\" height=\"248\" \/><\/div>\n<div class=\"_2-sx\"><\/div>\n<div class=\"_2-sx\"><\/div>\n<div class=\"_2-sx\">Polen : Das\u00a0 klassische Orgel Festival in dieser Basilika ( Weltkulturerbe)<\/p>\n<div class=\"_2-sx\">beherbergte nun ein klassisches Jazz Konzert 26.06<\/div>\n<div class=\"_2-sx\">Begeisterte Zuh\u00f6rer&#8230;&#8230;..<\/div>\n<div class=\"_2-sx\"><\/div>\n<\/div>\n<div class=\"_2-sx\"><\/div>\n<div class=\"_2-sx\">\n<div class=\"_2-sx\"><img loading=\"lazy\" decoding=\"async\" class=\"spotlight\" src=\"https:\/\/scontent-mxp1-1.xx.fbcdn.net\/v\/t1.0-9\/13427822_1468021929890763_7763457100360137278_n.jpg?oh=af2bdf27afe73f28c8c15e9498fce9a8&amp;oe=57EC1B4F\" alt=\"\" width=\"402\" height=\"206\" \/><\/p>\n<div class=\"_2-sx\">\n<div class=\"_2-sx\" style=\"width: 683px; height: 910px;\"><img loading=\"lazy\" decoding=\"async\" class=\"spotlight\" src=\"https:\/\/scontent-mxp1-1.xx.fbcdn.net\/v\/t1.0-9\/13516734_10208325901918554_5814804241417448331_n.jpg?oh=16ac5b797f84d2c5203c3dd218b30330&amp;oe=57F28AC3\" alt=\"\" width=\"190\" height=\"253\" \/><\/div>\n<\/div>\n<\/div>\n<div class=\"_2-sx\"><\/div>\n<div class=\"_2-sx\"><\/div>\n<div class=\"_2-sx\"><\/div>\n<\/div>\n","protected":false},"excerpt":{"rendered":"<p>Ungarn : das Jazz Lamatin Festival ,,Kadish&#8220; hei\u00dft die Musik des Piotr Baron Quintett, die eine gro\u00dfe religi\u00f6se Tiefe hat. Salentin folgte der Einladung zu den Konzerten sehr gerne, da beide auch eine fast 30 J\u00e4hrige Freundschft verbindet. &nbsp; \u0141ukasz \u017byta &#8211; Drums Maciej Adamczak &#8211; Kontrabass Micha\u0142 Tokaj &#8211; Piano Hans Peter Salentin &#8211; [&hellip;]<\/p>\n","protected":false},"author":2,"featured_media":0,"comment_status":"closed","ping_status":"closed","sticky":false,"template":"","format":"standard","meta":{"footnotes":""},"categories":[1],"tags":[],"class_list":["post-1884","post","type-post","status-publish","format-standard","hentry","category-allgemein"],"_links":{"self":[{"href":"http:\/\/hp-salentin.de\/index.php?rest_route=\/wp\/v2\/posts\/1884","targetHints":{"allow":["GET"]}}],"collection":[{"href":"http:\/\/hp-salentin.de\/index.php?rest_route=\/wp\/v2\/posts"}],"about":[{"href":"http:\/\/hp-salentin.de\/index.php?rest_route=\/wp\/v2\/types\/post"}],"author":[{"embeddable":true,"href":"http:\/\/hp-salentin.de\/index.php?rest_route=\/wp\/v2\/users\/2"}],"replies":[{"embeddable":true,"href":"http:\/\/hp-salentin.de\/index.php?rest_route=%2Fwp%2Fv2%2Fcomments&post=1884"}],"version-history":[{"count":1,"href":"http:\/\/hp-salentin.de\/index.php?rest_route=\/wp\/v2\/posts\/1884\/revisions"}],"predecessor-version":[{"id":1885,"href":"http:\/\/hp-salentin.de\/index.php?rest_route=\/wp\/v2\/posts\/1884\/revisions\/1885"}],"wp:attachment":[{"href":"http:\/\/hp-salentin.de\/index.php?rest_route=%2Fwp%2Fv2%2Fmedia&parent=1884"}],"wp:term":[{"taxonomy":"category","embeddable":true,"href":"http:\/\/hp-salentin.de\/index.php?rest_route=%2Fwp%2Fv2%2Fcategories&post=1884"},{"taxonomy":"post_tag","embeddable":true,"href":"http:\/\/hp-salentin.de\/index.php?rest_route=%2Fwp%2Fv2%2Ftags&post=1884"}],"curies":[{"name":"wp","href":"https:\/\/api.w.org\/{rel}","templated":true}]}}