{"id":2021,"date":"2016-11-29T19:57:46","date_gmt":"2016-11-29T17:57:46","guid":{"rendered":"http:\/\/hp-salentin.de\/?p=2021"},"modified":"2016-11-29T19:57:46","modified_gmt":"2016-11-29T17:57:46","slug":"27-11-schenkel-schoeller-stift-weihnachtslieder","status":"publish","type":"post","link":"http:\/\/hp-salentin.de\/?p=2021","title":{"rendered":"27.11 Schenkel Sch\u00f6ller Stift ,,Weihnachtslieder&#8220;"},"content":{"rendered":"<p>&#8230;..nun im bereits 3ten Jahr geht HpSalentin mit seinem Weihnachtslieder Programm auf Tour.<\/p>\n<p>Start der diesj\u00e4hrigen Session isr das Schenkel Sch\u00f6ller Stift in D\u00fcren \/ Kreuzau.<\/p>\n<p>Wieder ein Nachmittag , wo das eine oder andere Tr\u00e4nchen verdr\u00fcckt wurde&#8230;&#8230;<\/p>\n<p>Bianka Kerres sang die Weihnachtslieder, so , wie man sie von zu Hause kennt, ohne jegliches Pathos.<\/p>\n<p>Dazwischen spielten die Herren, Schneider,F\u00fccker,Wienstroer, HpSalentin&#8217;s Kompositionen &#8230;<\/p>\n<p>Dabei ging es zeitweilig sehr groovig zur Sache und forderte doch auf, die gewohnte Komfortzone des Weihnachtlichen zu verlassen.<\/p>\n<p>Ein sehr gelunger Auftakt&#8230;.<\/p>\n<p>Zu den Jazztagen 2017 wurde HpS an diesem Tag zur Matinee ins Stift eingeladen : 2.07.2017<\/p>\n<p>Dieses Bild ist aus der Kulturkirche Frechen von 2015<\/p>\n<p>auch in diesem Jahr werden wir dort gastieren 17.12.2016<\/p>\n<p><a href=\"http:\/\/hp-salentin.de\/wp-content\/uploads\/2016\/11\/15111084_1135575973216507_2744039030191172453_o.jpg\"><img loading=\"lazy\" decoding=\"async\" class=\"alignleft size-medium wp-image-2022\" src=\"http:\/\/hp-salentin.de\/wp-content\/uploads\/2016\/11\/15111084_1135575973216507_2744039030191172453_o-300x210.jpg\" alt=\"15111084_1135575973216507_2744039030191172453_o\" width=\"300\" height=\"210\" \/><\/a><\/p>\n","protected":false},"excerpt":{"rendered":"<p>&#8230;..nun im bereits 3ten Jahr geht HpSalentin mit seinem Weihnachtslieder Programm auf Tour. Start der diesj\u00e4hrigen Session isr das Schenkel Sch\u00f6ller Stift in D\u00fcren \/ Kreuzau. Wieder ein Nachmittag , wo das eine oder andere Tr\u00e4nchen verdr\u00fcckt wurde&#8230;&#8230; Bianka Kerres sang die Weihnachtslieder, so , wie man sie von zu Hause kennt, ohne jegliches Pathos. [&hellip;]<\/p>\n","protected":false},"author":2,"featured_media":0,"comment_status":"closed","ping_status":"closed","sticky":false,"template":"","format":"standard","meta":{"footnotes":""},"categories":[1],"tags":[],"class_list":["post-2021","post","type-post","status-publish","format-standard","hentry","category-allgemein"],"_links":{"self":[{"href":"http:\/\/hp-salentin.de\/index.php?rest_route=\/wp\/v2\/posts\/2021","targetHints":{"allow":["GET"]}}],"collection":[{"href":"http:\/\/hp-salentin.de\/index.php?rest_route=\/wp\/v2\/posts"}],"about":[{"href":"http:\/\/hp-salentin.de\/index.php?rest_route=\/wp\/v2\/types\/post"}],"author":[{"embeddable":true,"href":"http:\/\/hp-salentin.de\/index.php?rest_route=\/wp\/v2\/users\/2"}],"replies":[{"embeddable":true,"href":"http:\/\/hp-salentin.de\/index.php?rest_route=%2Fwp%2Fv2%2Fcomments&post=2021"}],"version-history":[{"count":1,"href":"http:\/\/hp-salentin.de\/index.php?rest_route=\/wp\/v2\/posts\/2021\/revisions"}],"predecessor-version":[{"id":2023,"href":"http:\/\/hp-salentin.de\/index.php?rest_route=\/wp\/v2\/posts\/2021\/revisions\/2023"}],"wp:attachment":[{"href":"http:\/\/hp-salentin.de\/index.php?rest_route=%2Fwp%2Fv2%2Fmedia&parent=2021"}],"wp:term":[{"taxonomy":"category","embeddable":true,"href":"http:\/\/hp-salentin.de\/index.php?rest_route=%2Fwp%2Fv2%2Fcategories&post=2021"},{"taxonomy":"post_tag","embeddable":true,"href":"http:\/\/hp-salentin.de\/index.php?rest_route=%2Fwp%2Fv2%2Ftags&post=2021"}],"curies":[{"name":"wp","href":"https:\/\/api.w.org\/{rel}","templated":true}]}}