{"id":2047,"date":"2016-12-15T09:58:32","date_gmt":"2016-12-15T07:58:32","guid":{"rendered":"http:\/\/hp-salentin.de\/?p=2047"},"modified":"2016-12-15T09:58:32","modified_gmt":"2016-12-15T07:58:32","slug":"kritik-weihnachtslieder-in-bad-muenstereifel-toene-wie-funkelnde-schneeflocken","status":"publish","type":"post","link":"http:\/\/hp-salentin.de\/?p=2047","title":{"rendered":"Kritik  \u201eWeihnachtslieder\u201c in Bad M\u00fcnstereifel ,,T\u00f6ne wie funkelnde Schneeflocken&#8230;&#8220;"},"content":{"rendered":"<p class=\"ortsmarke\"><strong><img loading=\"lazy\" decoding=\"async\" class=\"\" src=\"http:\/\/www.ksta.de\/image\/25269826\/2x1\/940\/470\/aa53fc3deddcccefca97076090c16a92\/HH\/71-109297667--null--13-12-2016-08-42-37-861-.jpg\" alt=\"Hans-Peter Salentin und seine Kollegen verzauberten zum dritten Mal mit einem Weihnachtskonzert in der Evangelischen Kirche Bad M\u00fcnstereifel. Von links: Hans F\u00fccker, Bodo Klingelh\u00f6fer, Bianka Kerres, Hans-Peter Salentin, verdeckt dahinter Stephan Schneider. \" width=\"352\" height=\"176\" data-id=\"25269826\" \/>Photo co Carolin Bietzker<br \/>\n<\/strong><\/p>\n<p class=\"ortsmarke\">K\u00f6lner Stadtanzeiger und K\u00f6lnische Rundschau :<\/p>\n<p class=\"ortsmarke\"><strong>Bad M\u00fcnstereifel &#8211;<\/strong><\/p>\n<p><strong>\u201eWeihnachtslieder\u201c lautete schlicht der Titel von Hans-Peter Salentins Konzert zur Adventszeit. <\/strong><\/p>\n<p><strong>Mit diesem Programm ging er zum dritten Mal auf eine musikalische Zeitreise zur\u00fcck in seine Kindheit und weckte dabei auch beim Publikum Erinnerungen.<\/strong><\/p>\n<p>von Carolin Bietzker<\/p>\n<p>\u201eDas ist so ein bisschen wie zu Hause\u201c, erkl\u00e4rte der professionelle Jazz-Trompeter: \u201eMeine Mutter hat gesungen, mein Vater sang meist die zweite Stimme dazu.\u201c Die Stimmung, die er und seine beiden Geschwister dabei erlebt haben, holte Salentin jetzt in die Evangelische Kirche zur\u00fcck. Ohne \u201eWeihnachtsmarkt-Gebimmel\u201c machte er das Gotteshaus zur adventlichen Stube, verzichtete auf Amerikanismus, sondern griff lieber auf altes kirchliches Liedgut zur\u00fcck, das seine Wurzeln sowohl im Katholischen als auch im Evangelischen hat. Viele Kerzen und ein farblich geschmackvoll changierendes Licht im Hintergrund unterstrichen die feierliche Besinnlichkeit, die die vielen Zuh\u00f6rer sehr genossen.<\/p>\n<p>&nbsp;<\/p>\n<div class=\"_2-sx\">\n<div class=\"_2-sx\"><img loading=\"lazy\" decoding=\"async\" class=\"spotlight\" src=\"https:\/\/scontent.ftxl1-1.fna.fbcdn.net\/v\/t1.0-9\/15355595_10209825416565483_1867210074136671196_n.jpg?oh=c734942389229678deb0fe19f05cd9aa&amp;oe=58FBB998\" alt=\"Bild k\u00f6nnte enthalten: 4 Personen, Personen, die stehen, Anzug und Innenbereich\" width=\"222\" height=\"182\" \/>Photo co Privat<\/div>\n<div class=\"_2-sx\"><\/div>\n<div class=\"_2-sx\">( Hans F\u00fccker-Piano\u00a0 HpSalentin Tp\/Flgh\u00a0 Bianka Kerres Gesang\u00a0\u00a0 Stephan Schneider &#8211; Drums\u00a0\u00a0 Bodo Klingelh\u00f6fer Kontrabass)<\/div>\n<\/div>\n<div class=\"_2-sx\"><\/div>\n<p><!--more--><\/p>\n<p>Wieder mit dabei waren die S\u00e4ngerin Bianka Kerres, Hans F\u00fccker am Piano, Bodo Klingelh\u00f6fer am Bass und der Schlagzeuger Stephan Schneider. Zun\u00e4chst stellten die f\u00fcnf K\u00fcnstler die Weihnachtslieder im Original vor. Danach wurde entspannt gejazzt. Mit \u201eIch steh\u2019 an deiner Krippen hier\u201c begann das zweist\u00fcndige Konzert. Die Zuh\u00f6rer, die Salentins Weihnachtslieder schon einmal geh\u00f6rt haben, freuten sich besonders auf dieses Lied, das aus dem heute g\u00e4ngigen Repertoire nahezu verschwunden ist und dennoch seine Wirkung nicht verfehlte. Danach war das Publikum ganz und gar mitten in der Weihnachtsgeschichte angekommen, die im Trubel oft in den Hintergrund ger\u00e4t.<\/p>\n<p>Bianka Kerres ber\u00fchrte mit ihrem schn\u00f6rkellosen, nat\u00fcrlichen Gesang und ihrer klaren Stimme. Sie nahm sich Zeit, interpretierte die Lieder eher entschleunigt und ein wenig erhaben. Die Band begleitete sie dabei im alten Choralstil, meist ohne Schlagzeug, bevor sie auf eigene musikalische Reise ging. Dabei griffen die Instrumentalisten die Stimmungen der Lieder gekonnt auf und entwickelten sie in derselben Richtung weiter.<\/p>\n<p>Tolle Soli bereicherten das sch\u00f6ne Programm. Der Pianist Hans F\u00fccker begeisterte mit facettenreichen Improvisationen, bei denen auch im virtuosen Modus nicht die leiseste Hektik aufkam. Mit kraftvoller Fingerarbeit lie\u00df Bodo Klingelh\u00f6fer seinen Bass erklingen. Selbst in hohen Lagen spielte er weich und voll schwingende T\u00f6ne, w\u00e4hrend Hans-Peter Salentin ohne elektronische Tricks den Klang von Trompete und Fl\u00fcgelhorn fantasievoll variierte. Stephan Schneider \u00fcbte Zur\u00fcckhaltung, setzte aber immer wieder Akzente. Die vier pr\u00e4sentierten sich als perfekt eingespieltes Team von Individualisten, die jeder mit eigenem Kopf, aber auf gemeinsamer Wellenl\u00e4nge agierten.<\/p>\n<p>L\u00e4ssig wirkte die Improvisation \u00fcber \u201eKommet, ihr Hirten\u201c, hochkonzentriert \u201eEs kommt ein Schiff geladen\u201c, wobei die Band reizvolle, absolut pr\u00e4zise Pauseneffekte einbaute. Eine besonders liebevolle Begleitung spielten Hans F\u00fccker und Bodo Klingelh\u00f6fer zu \u201eS\u00fc\u00dfer die Glocken nie klingen\u201c. Entz\u00fcckend hohe, klare Klaviert\u00f6ne leiteten das Lied \u201eVom Himmel hoch da komm ich her\u201c wie funkelnde Schneeflocken ein.<\/p>\n<h3>Dank an den Hausherrn<\/h3>\n<p>Zum Schluss des Programms mischte auch Bianka Kerres beim Jazz mit. Bei \u201eEs ist ein Ros\u2019 entsprungen\u201c lie\u00dfen es die f\u00fcnf Musiker dann doch noch fetzen.<\/p>\n<p>Insgesamt vier Konzerte gab Hans-Peter Salentin in diesem Jahr in der Evangelischen Kirche, in der sich die Musiker sehr wohlgef\u00fchlt haben. Er dankte dem Hausherrn Pfarrer Frank G. Raschke f\u00fcr sein Vertrauen, f\u00fcr die stete Unterst\u00fctzung und dessen Gastfreundschaft.<\/p>\n","protected":false},"excerpt":{"rendered":"<p>Photo co Carolin Bietzker K\u00f6lner Stadtanzeiger und K\u00f6lnische Rundschau : Bad M\u00fcnstereifel &#8211; \u201eWeihnachtslieder\u201c lautete schlicht der Titel von Hans-Peter Salentins Konzert zur Adventszeit. Mit diesem Programm ging er zum dritten Mal auf eine musikalische Zeitreise zur\u00fcck in seine Kindheit und weckte dabei auch beim Publikum Erinnerungen. von Carolin Bietzker \u201eDas ist so ein bisschen [&hellip;]<\/p>\n","protected":false},"author":2,"featured_media":0,"comment_status":"closed","ping_status":"closed","sticky":false,"template":"","format":"standard","meta":{"footnotes":""},"categories":[1],"tags":[],"class_list":["post-2047","post","type-post","status-publish","format-standard","hentry","category-allgemein"],"_links":{"self":[{"href":"http:\/\/hp-salentin.de\/index.php?rest_route=\/wp\/v2\/posts\/2047","targetHints":{"allow":["GET"]}}],"collection":[{"href":"http:\/\/hp-salentin.de\/index.php?rest_route=\/wp\/v2\/posts"}],"about":[{"href":"http:\/\/hp-salentin.de\/index.php?rest_route=\/wp\/v2\/types\/post"}],"author":[{"embeddable":true,"href":"http:\/\/hp-salentin.de\/index.php?rest_route=\/wp\/v2\/users\/2"}],"replies":[{"embeddable":true,"href":"http:\/\/hp-salentin.de\/index.php?rest_route=%2Fwp%2Fv2%2Fcomments&post=2047"}],"version-history":[{"count":1,"href":"http:\/\/hp-salentin.de\/index.php?rest_route=\/wp\/v2\/posts\/2047\/revisions"}],"predecessor-version":[{"id":2048,"href":"http:\/\/hp-salentin.de\/index.php?rest_route=\/wp\/v2\/posts\/2047\/revisions\/2048"}],"wp:attachment":[{"href":"http:\/\/hp-salentin.de\/index.php?rest_route=%2Fwp%2Fv2%2Fmedia&parent=2047"}],"wp:term":[{"taxonomy":"category","embeddable":true,"href":"http:\/\/hp-salentin.de\/index.php?rest_route=%2Fwp%2Fv2%2Fcategories&post=2047"},{"taxonomy":"post_tag","embeddable":true,"href":"http:\/\/hp-salentin.de\/index.php?rest_route=%2Fwp%2Fv2%2Ftags&post=2047"}],"curies":[{"name":"wp","href":"https:\/\/api.w.org\/{rel}","templated":true}]}}