{"id":2049,"date":"2016-12-15T10:13:44","date_gmt":"2016-12-15T08:13:44","guid":{"rendered":"http:\/\/hp-salentin.de\/?p=2049"},"modified":"2016-12-16T21:39:21","modified_gmt":"2016-12-16T19:39:21","slug":"weihnachtslieder-in-blankenheim-10-12-2016-und-bad-honnef-11-12-2016","status":"publish","type":"post","link":"http:\/\/hp-salentin.de\/?p=2049","title":{"rendered":"Weihnachtslieder in Blankenheim 10.12.2016 und Bad Honnef  11.12.2016"},"content":{"rendered":"<div class=\"_2-sx\"><img loading=\"lazy\" decoding=\"async\" class=\"spotlight\" src=\"https:\/\/scontent.ftxl1-1.fna.fbcdn.net\/v\/t31.0-8\/15369234_1162169350557169_7728682578506459312_o.jpg?oh=ada5e03f3810dbb8e20d3ba9633cd99b&amp;oe=58F4B224\" alt=\"Bild k\u00f6nnte enthalten: 5 Personen, Personen, die lachen, Personen, die stehen, Anzug, Nacht und Innenbereich\" width=\"423\" height=\"238\" \/> Photo co Privat<\/div>\n<div class=\"_2-sx\">,,Nicht alzu oft finden in Blankenheim solche hochwertigen Veranstaltungen statt &#8220; sagte ein Besucher des vorweihnachtlichen Konzertes.<\/div>\n<div class=\"_2-sx\">Danke an Wolfgang Doppelfeld und dem Museumsverein Blankenheim dies in Blankenheim veranstaltet zu haben.<\/div>\n<h3 class=\"_2-sx\"><strong>co\u00a0\u00a0 S-Press <\/strong><\/h3>\n<h3 class=\"_2-sx\">Tradition trifft Moderene<\/h3>\n<p class=\"_2-sx\"><em>Als Heimkehrer m\u00f6chte sich der JazzProfessor nicht sehen, daf\u00fcr hat er doch nicht zu lange in dem Ort gelebt. Aber er hat hier so viel Zeit verbracht, das er immer noch in Erinnerungen an seine Kindheit schwelgen kann.<\/em><\/p>\n<p class=\"_2-sx\"><em>So wurde dieser Abend f\u00fcr alle Beteiligten ein Abend der Erinnerungen. F\u00fcr die Zuh\u00f6rer an Weihnachtsfeste in der Kindheit\u00a0 oder\u00a0 in der eigenen Familie.<\/em><\/p>\n<p class=\"_2-sx\"><em>Salentin brachte das Kunstst\u00fcck fertig Weihnachtslieder ohne jegliches Pathos zu spielen und so mit die Fazinitation dieser Lieder auf die Zuh\u00f6rer zu \u00fcbertragen.<\/em><\/p>\n<p class=\"_2-sx\"><em>Gleichzeig spielten die Musiker die jazzigen Kompositionen so herzerfrischend, das die Burg zeitweilig ins Wanken geriet.<\/em><\/p>\n<p class=\"_2-sx\"><em>Nun , dies ist leicht \u00fcbetrieben, zeigt aber die\u00a0 Gegens\u00e4tze, die an diesem Abend wieder zu einem verschmlozen: <\/em><\/p>\n<p class=\"_2-sx\"><em>Tradition und Moderne : Weihnachtslieder a&#8216; la Salentin<br \/>\n<\/em><\/p>\n<div class=\"_2-sx\"><\/div>\n<div class=\"_2-sx\"><strong>Bad Honnef<\/strong><\/div>\n<div class=\"_2-sx\"><em>,,ein unvergesslicher Nachmittag in der Parkresidenz Bad Honnef&#8230;&#8220;<\/em><\/div>\n<div class=\"_2-sx\"><\/div>\n<div class=\"_2-sx\">Danke an Frau Cornelia Lutz f\u00fcr die Einladung&#8230;&#8230;..wir kommen wieder !<\/p>\n<div class=\"_2-sx\">\n<div class=\"_2-sx\"><img loading=\"lazy\" decoding=\"async\" class=\"spotlight\" src=\"https:\/\/scontent.ftxl1-1.fna.fbcdn.net\/v\/t1.0-9\/15390741_10209851287212233_5481255196892687165_n.jpg?oh=390aa232ec304410d96dde54384732cc&amp;oe=58B96A38\" alt=\"Bild k\u00f6nnte enthalten: 1 Person, Innenbereich\" width=\"336\" height=\"223\" \/><\/div>\n<\/div>\n<div class=\"_2-sx\">\n<div class=\"_2-sx\">\n<div class=\"_2-sx\"><img loading=\"lazy\" decoding=\"async\" class=\"spotlight\" src=\"https:\/\/scontent.ftxl1-1.fna.fbcdn.net\/v\/t1.0-9\/15350674_10209851287532241_379494378155637591_n.jpg?oh=3107cdfe90a51b8132b66b26e884bd38&amp;oe=58F639D5\" alt=\"Bild k\u00f6nnte enthalten: 1 Person, steht, sitzt und Innenbereich\" width=\"362\" height=\"240\" \/><img loading=\"lazy\" decoding=\"async\" class=\"spotlight\" src=\"https:\/\/scontent.ftxl1-1.fna.fbcdn.net\/v\/t1.0-9\/15442214_10209851284892175_8189058130992335713_n.jpg?oh=367583493ccff18e48c4a774735b7157&amp;oe=58B8B328\" alt=\"Bild k\u00f6nnte enthalten: eine oder mehrere Personen\" width=\"359\" height=\"238\" \/><\/div>\n<\/div>\n<div class=\"_2-sx\"><img loading=\"lazy\" decoding=\"async\" class=\"spotlight\" src=\"https:\/\/scontent.ftxl1-1.fna.fbcdn.net\/v\/t1.0-9\/15355672_10209851286532216_5779280551334240432_n.jpg?oh=8e260dea0c7cc7a2fa2c1bfbac3c3f4b&amp;oe=58E833F3\" alt=\"Bild k\u00f6nnte enthalten: eine oder mehrere Personen, Personen, die sitzen und Innenbereich\" width=\"347\" height=\"230\" \/><\/div>\n<\/div>\n<\/div>\n<div class=\"_2-sx\"><\/div>\n<div class=\"_2-sx\"><\/div>\n","protected":false},"excerpt":{"rendered":"<p>Photo co Privat ,,Nicht alzu oft finden in Blankenheim solche hochwertigen Veranstaltungen statt &#8220; sagte ein Besucher des vorweihnachtlichen Konzertes. Danke an Wolfgang Doppelfeld und dem Museumsverein Blankenheim dies in Blankenheim veranstaltet zu haben. co\u00a0\u00a0 S-Press Tradition trifft Moderene Als Heimkehrer m\u00f6chte sich der JazzProfessor nicht sehen, daf\u00fcr hat er doch nicht zu lange in [&hellip;]<\/p>\n","protected":false},"author":2,"featured_media":0,"comment_status":"closed","ping_status":"closed","sticky":false,"template":"","format":"standard","meta":{"footnotes":""},"categories":[1],"tags":[],"class_list":["post-2049","post","type-post","status-publish","format-standard","hentry","category-allgemein"],"_links":{"self":[{"href":"http:\/\/hp-salentin.de\/index.php?rest_route=\/wp\/v2\/posts\/2049","targetHints":{"allow":["GET"]}}],"collection":[{"href":"http:\/\/hp-salentin.de\/index.php?rest_route=\/wp\/v2\/posts"}],"about":[{"href":"http:\/\/hp-salentin.de\/index.php?rest_route=\/wp\/v2\/types\/post"}],"author":[{"embeddable":true,"href":"http:\/\/hp-salentin.de\/index.php?rest_route=\/wp\/v2\/users\/2"}],"replies":[{"embeddable":true,"href":"http:\/\/hp-salentin.de\/index.php?rest_route=%2Fwp%2Fv2%2Fcomments&post=2049"}],"version-history":[{"count":5,"href":"http:\/\/hp-salentin.de\/index.php?rest_route=\/wp\/v2\/posts\/2049\/revisions"}],"predecessor-version":[{"id":2064,"href":"http:\/\/hp-salentin.de\/index.php?rest_route=\/wp\/v2\/posts\/2049\/revisions\/2064"}],"wp:attachment":[{"href":"http:\/\/hp-salentin.de\/index.php?rest_route=%2Fwp%2Fv2%2Fmedia&parent=2049"}],"wp:term":[{"taxonomy":"category","embeddable":true,"href":"http:\/\/hp-salentin.de\/index.php?rest_route=%2Fwp%2Fv2%2Fcategories&post=2049"},{"taxonomy":"post_tag","embeddable":true,"href":"http:\/\/hp-salentin.de\/index.php?rest_route=%2Fwp%2Fv2%2Ftags&post=2049"}],"curies":[{"name":"wp","href":"https:\/\/api.w.org\/{rel}","templated":true}]}}