{"id":2109,"date":"2017-04-02T11:47:57","date_gmt":"2017-04-02T09:47:57","guid":{"rendered":"http:\/\/hp-salentin.de\/?p=2109"},"modified":"2017-04-02T13:05:31","modified_gmt":"2017-04-02T11:05:31","slug":"1-deutsch-russisches-festival-in-belgorod-russland","status":"publish","type":"post","link":"http:\/\/hp-salentin.de\/?p=2109","title":{"rendered":"1. Deutsch-Russisches  Festival in Belgorod -Russland &#038; das Big Band Konzert mit HpSalentin"},"content":{"rendered":"<p>Auf Einladung des DAAD und der Deutschen Botschaft verbrachte HpSalentin erstmalig eine Woche in Russland.<\/p>\n<p>26.03-1.04.2017<\/p>\n<p>&nbsp;<\/p>\n<p>Diese wurde in verschiedene Aktivit\u00e4ten unterteilt.<\/p>\n<p>&nbsp;<\/p>\n<p><span style=\"font-size: 18pt;\">Die Begr\u00fc\u00dfung am 27.03.2017 mit u.a anderem <\/span><\/p>\n<p><span style=\"font-size: 18pt;\">Frau Dr Sabine Korin f\u00fcr den DAAD<\/span><\/p>\n<div class=\"_2-sx\" data-interaction-root-id=\"_33_q\"><img loading=\"lazy\" decoding=\"async\" class=\"spotlight\" src=\"https:\/\/scontent.ftxl1-1.fna.fbcdn.net\/v\/t31.0-8\/17635482_10211119958266077_3004414254397003533_o.jpg?oh=d5657ef6d0a9ecc81ca8b6c6b5d3329e&amp;oe=594C8812\" alt=\"Bild k\u00f6nnte enthalten: 4 Personen, Personen, die sitzen\" width=\"472\" height=\"315\" \/><\/div>\n<div class=\"_2-sx\" data-interaction-root-id=\"_33_q\">\n<div class=\"_2-sx\" data-interaction-root-id=\"_33_q\"><img loading=\"lazy\" decoding=\"async\" class=\"spotlight\" src=\"https:\/\/scontent.ftxl1-1.fna.fbcdn.net\/v\/t31.0-8\/17620234_10211119959026096_1637777703488098456_o.jpg?oh=3a8684ed2dbd8edc4b9fa7edba27d1d6&amp;oe=596444CB\" alt=\"Bild k\u00f6nnte enthalten: 1 Person\" width=\"312\" height=\"208\" \/>\u00a0 HpS auf der Auftaktveranstaltung&#8230;.<\/div>\n<div class=\"_2-sx\" data-interaction-root-id=\"_33_q\"><\/div>\n<div class=\"_2-sx\" style=\"width: 1024px; height: 683px;\" data-interaction-root-id=\"_33_q\">\n<div class=\"_2-sx\" data-interaction-root-id=\"_33_q\"><span style=\"font-size: 18pt;\">29.03 das Big &#8211; Band Konzert in der Philharmonie \/ Belgord<br \/>\n<\/span><\/p>\n<div class=\"_2-sx\" data-interaction-root-id=\"_33_q\"><\/div>\n<div class=\"_2-sx\" data-interaction-root-id=\"_33_q\">(inclusive 2 Proben Tage 27,28,29.03)<\/p>\n<div class=\"_2-sx\" data-interaction-root-id=\"_33_q\"><\/div>\n<p>Das Konzert mit ausschlie\u00dflich Salentin,s Kompositionen bestritten.<\/p>\n<p>( au\u00dfer 2 Kompositionen , die von der Band mit der ausdrucksstarken S\u00e4ngerin Diana performed wurden )<\/p>\n<p>&nbsp;<\/p>\n<p>Diese Konzert Musik bildet einen Querschnitt Salentin,s Schaffen der letzten 15 Jahre und<\/p>\n<p>war somit abwechslungsreiche und doch h\u00f6chst anspruchsvolle Musik,<\/p>\n<p>die von der Band herrvoragend umgesetzt wurde.<\/p>\n<p>Das Konzert endete mit Standing Ovations !<\/p>\n<p>&nbsp;<\/p>\n<div class=\"_2-sx\" style=\"width: 1024px; height: 683px;\" data-interaction-root-id=\"_33_q\"><img loading=\"lazy\" decoding=\"async\" class=\"spotlight\" src=\"https:\/\/scontent.ftxl1-1.fna.fbcdn.net\/v\/t31.0-8\/17635571_10211140679706260_5448042291286210795_o.jpg?oh=da9babbc0e368adc4ea64f05f12fe8be&amp;oe=59932D66\" alt=\"Bild k\u00f6nnte enthalten: 3 Personen, Personen auf einer B\u00fchne, Musiker, Nacht und im Freien\" width=\"324\" height=\"216\" \/><img loading=\"lazy\" decoding=\"async\" class=\"spotlight\" src=\"https:\/\/scontent.ftxl1-1.fna.fbcdn.net\/v\/t31.0-8\/17434757_10211140684146371_5577896345201118099_o.jpg?oh=d89cab5c76314bf05e01d73271bbd71c&amp;oe=5994F189\" alt=\"Bild k\u00f6nnte enthalten: 1 Person, auf einer B\u00fchne, spielt ein Musikinstrument und Konzert\" width=\"325\" height=\"217\" \/><img loading=\"lazy\" decoding=\"async\" class=\"spotlight\" src=\"https:\/\/scontent.ftxl1-1.fna.fbcdn.net\/v\/t1.0-9\/17553885_10211111515055002_3979119931259915341_n.jpg?oh=60b2f819688d6dc7204eb5953b438952&amp;oe=5950564C\" alt=\"Bild k\u00f6nnte enthalten: 2 Personen, Personen auf einer B\u00fchne und Musiker\" width=\"287\" height=\"215\" \/><\/p>\n<div class=\"_2-sx\" style=\"width: 1024px; height: 683px;\" data-interaction-root-id=\"_33_q\"><img loading=\"lazy\" decoding=\"async\" class=\"spotlight\" src=\"https:\/\/scontent.ftxl1-1.fna.fbcdn.net\/v\/t31.0-8\/17547088_10211140682786337_7255969883421592296_o.jpg?oh=6c954bc89fb3387593516a900cf15f8f&amp;oe=59583698\" alt=\"Bild k\u00f6nnte enthalten: 6 Personen, Personen auf einer B\u00fchne und Nacht\" width=\"475\" height=\"317\" \/><\/p>\n<div class=\"_2-sx\" style=\"width: 1024px; height: 683px;\" data-interaction-root-id=\"_33_q\">Danke auch an die Deutsche Botschaft f\u00fcr die Unterst\u00fctzung !<\/p>\n<div class=\"spotlight\" data-interaction-root-id=\"_33_q\"><\/div>\n<div class=\"_2-sx\" style=\"width: 1024px; height: 683px;\" data-interaction-root-id=\"_33_q\"><\/div>\n<div class=\"_2-sx\" style=\"width: 1024px; height: 683px;\" data-interaction-root-id=\"_33_q\"><\/div>\n<div class=\"_2-sx\" style=\"width: 1024px; height: 683px;\" data-interaction-root-id=\"_33_q\"><\/div>\n<\/div>\n<div class=\"_2-sx\" style=\"width: 1024px; height: 683px;\" data-interaction-root-id=\"_33_q\"><\/div>\n<\/div>\n<\/div>\n<\/div>\n<\/div>\n<\/div>\n<\/div>\n<p>&nbsp;<\/p>\n<p>&nbsp;<\/p>\n<p>&nbsp;<\/p>\n<p>&nbsp;<\/p>\n<p>&nbsp;<\/p>\n<p>&nbsp;<\/p>\n","protected":false},"excerpt":{"rendered":"<p>Auf Einladung des DAAD und der Deutschen Botschaft verbrachte HpSalentin erstmalig eine Woche in Russland. 26.03-1.04.2017 &nbsp; Diese wurde in verschiedene Aktivit\u00e4ten unterteilt. &nbsp; Die Begr\u00fc\u00dfung am 27.03.2017 mit u.a anderem Frau Dr Sabine Korin f\u00fcr den DAAD \u00a0 HpS auf der Auftaktveranstaltung&#8230;. 29.03 das Big &#8211; Band Konzert in der Philharmonie \/ Belgord (inclusive [&hellip;]<\/p>\n","protected":false},"author":2,"featured_media":0,"comment_status":"closed","ping_status":"closed","sticky":false,"template":"","format":"standard","meta":{"footnotes":""},"categories":[1],"tags":[],"class_list":["post-2109","post","type-post","status-publish","format-standard","hentry","category-allgemein"],"_links":{"self":[{"href":"http:\/\/hp-salentin.de\/index.php?rest_route=\/wp\/v2\/posts\/2109","targetHints":{"allow":["GET"]}}],"collection":[{"href":"http:\/\/hp-salentin.de\/index.php?rest_route=\/wp\/v2\/posts"}],"about":[{"href":"http:\/\/hp-salentin.de\/index.php?rest_route=\/wp\/v2\/types\/post"}],"author":[{"embeddable":true,"href":"http:\/\/hp-salentin.de\/index.php?rest_route=\/wp\/v2\/users\/2"}],"replies":[{"embeddable":true,"href":"http:\/\/hp-salentin.de\/index.php?rest_route=%2Fwp%2Fv2%2Fcomments&post=2109"}],"version-history":[{"count":13,"href":"http:\/\/hp-salentin.de\/index.php?rest_route=\/wp\/v2\/posts\/2109\/revisions"}],"predecessor-version":[{"id":2141,"href":"http:\/\/hp-salentin.de\/index.php?rest_route=\/wp\/v2\/posts\/2109\/revisions\/2141"}],"wp:attachment":[{"href":"http:\/\/hp-salentin.de\/index.php?rest_route=%2Fwp%2Fv2%2Fmedia&parent=2109"}],"wp:term":[{"taxonomy":"category","embeddable":true,"href":"http:\/\/hp-salentin.de\/index.php?rest_route=%2Fwp%2Fv2%2Fcategories&post=2109"},{"taxonomy":"post_tag","embeddable":true,"href":"http:\/\/hp-salentin.de\/index.php?rest_route=%2Fwp%2Fv2%2Ftags&post=2109"}],"curies":[{"name":"wp","href":"https:\/\/api.w.org\/{rel}","templated":true}]}}