{"id":2149,"date":"2017-04-05T21:22:05","date_gmt":"2017-04-05T19:22:05","guid":{"rendered":"http:\/\/hp-salentin.de\/?p=2149"},"modified":"2017-04-05T21:22:05","modified_gmt":"2017-04-05T19:22:05","slug":"siegburg-2-04","status":"publish","type":"post","link":"http:\/\/hp-salentin.de\/?p=2149","title":{"rendered":"Siegburg 2.04"},"content":{"rendered":"<p>Jazz goes Pop .. maybe Jazz goes Jazz ..<\/p>\n<p>Thursday 6.04.2017<\/p>\n<p>we do this again !! Thomas R\u00fcckert ( Piano ) did great on our Concert &#8230;.<\/p>\n<p>Thomas R\u00fcckert-Sebastian R\u00e4ther-Stephan Schneider-HpSalentin<\/p>\n<div class=\"_2-sx\" data-interaction-root-id=\"_33_q\"><img loading=\"lazy\" decoding=\"async\" class=\"spotlight\" src=\"https:\/\/scontent.ftxl1-1.fna.fbcdn.net\/v\/t31.0-8\/17758307_10203016688854791_7020157614129703825_o.jpg?oh=1a12892ba8360cebc866f2f9285ef78a&amp;oe=595F9888\" alt=\"Bild k\u00f6nnte enthalten: 1 Person, l\u00e4chelnd, Nacht und Nahaufnahme\" width=\"422\" height=\"281\" \/><\/p>\n<div class=\"_2-sx\" data-interaction-root-id=\"_33_q\"><img loading=\"lazy\" decoding=\"async\" class=\"spotlight\" src=\"https:\/\/scontent.ftxl1-1.fna.fbcdn.net\/v\/t31.0-8\/17492924_10203016689014795_8514275676727384512_o.jpg?oh=e1747d87a5a94e5d93c49f70336e403b&amp;oe=5955D1B3\" alt=\"Bild k\u00f6nnte enthalten: 1 Person\" width=\"386\" height=\"257\" \/><\/div>\n<div class=\"_2-sx\" data-interaction-root-id=\"_33_q\"><img loading=\"lazy\" decoding=\"async\" class=\"spotlight\" src=\"https:\/\/scontent.ftxl1-1.fna.fbcdn.net\/v\/t1.0-9\/17759900_10203016689214800_4486816629567908498_n.jpg?oh=07c99d50ef6559a7885559b39c1d1c74&amp;oe=594C9134\" alt=\"Bild k\u00f6nnte enthalten: 1 Person, sitzt und Innenbereich\" width=\"337\" height=\"224\" \/><\/div>\n<div class=\"_2-sx\" data-interaction-root-id=\"_33_q\"><img loading=\"lazy\" decoding=\"async\" class=\"spotlight\" src=\"https:\/\/scontent.ftxl1-1.fna.fbcdn.net\/v\/t31.0-8\/17636861_10203016689574809_4270572026333332759_o.jpg?oh=0ab8a00a479a2b44daa4a15934508408&amp;oe=595D24D0\" alt=\"Bild k\u00f6nnte enthalten: 1 Person\" width=\"283\" height=\"195\" \/><\/div>\n<\/div>\n","protected":false},"excerpt":{"rendered":"<p>Jazz goes Pop .. maybe Jazz goes Jazz .. Thursday 6.04.2017 we do this again !! Thomas R\u00fcckert ( Piano ) did great on our Concert &#8230;. Thomas R\u00fcckert-Sebastian R\u00e4ther-Stephan Schneider-HpSalentin<\/p>\n","protected":false},"author":2,"featured_media":0,"comment_status":"closed","ping_status":"closed","sticky":false,"template":"","format":"standard","meta":{"footnotes":""},"categories":[1],"tags":[],"class_list":["post-2149","post","type-post","status-publish","format-standard","hentry","category-allgemein"],"_links":{"self":[{"href":"http:\/\/hp-salentin.de\/index.php?rest_route=\/wp\/v2\/posts\/2149","targetHints":{"allow":["GET"]}}],"collection":[{"href":"http:\/\/hp-salentin.de\/index.php?rest_route=\/wp\/v2\/posts"}],"about":[{"href":"http:\/\/hp-salentin.de\/index.php?rest_route=\/wp\/v2\/types\/post"}],"author":[{"embeddable":true,"href":"http:\/\/hp-salentin.de\/index.php?rest_route=\/wp\/v2\/users\/2"}],"replies":[{"embeddable":true,"href":"http:\/\/hp-salentin.de\/index.php?rest_route=%2Fwp%2Fv2%2Fcomments&post=2149"}],"version-history":[{"count":1,"href":"http:\/\/hp-salentin.de\/index.php?rest_route=\/wp\/v2\/posts\/2149\/revisions"}],"predecessor-version":[{"id":2150,"href":"http:\/\/hp-salentin.de\/index.php?rest_route=\/wp\/v2\/posts\/2149\/revisions\/2150"}],"wp:attachment":[{"href":"http:\/\/hp-salentin.de\/index.php?rest_route=%2Fwp%2Fv2%2Fmedia&parent=2149"}],"wp:term":[{"taxonomy":"category","embeddable":true,"href":"http:\/\/hp-salentin.de\/index.php?rest_route=%2Fwp%2Fv2%2Fcategories&post=2149"},{"taxonomy":"post_tag","embeddable":true,"href":"http:\/\/hp-salentin.de\/index.php?rest_route=%2Fwp%2Fv2%2Ftags&post=2149"}],"curies":[{"name":"wp","href":"https:\/\/api.w.org\/{rel}","templated":true}]}}