{"id":2612,"date":"2019-03-12T10:23:49","date_gmt":"2019-03-12T08:23:49","guid":{"rendered":"http:\/\/hp-salentin.de\/?p=2612"},"modified":"2019-03-12T10:29:48","modified_gmt":"2019-03-12T08:29:48","slug":"12-03-kreissport-bund-ehrt-vereine-fuer-integratives-handeln","status":"publish","type":"post","link":"http:\/\/hp-salentin.de\/?p=2612","title":{"rendered":"12.03 Kreissport Bund ehrt Vereine f\u00fcr Integratives Handeln"},"content":{"rendered":"<p>12.03 D\u00fcren :<\/p>\n<blockquote><p><strong>Kreissport Bund ehrt Vereine f\u00fcr Integratives Handeln<\/strong><\/p><\/blockquote>\n<p>Das Konzept hier zu wurde vom Kreissport Bund D\u00fcren ausgearbeitet und wurde erstmals im Raum D\u00fcren umgesetzt.<\/p>\n<p>Federf\u00fchrend f\u00fcr den KSB ist Wolfgang Schmitz.<\/p>\n<p>Zu dieser Veranstaltung mit 15 B\u00fcrgermeistern, dem Landrat und Vertreter der Landesregierung<\/p>\n<p>hat der Kreissportbund <strong>Hans Peter Salentin mit seiner Band<\/strong> als Musikalische Begleiter eingeladen.<\/p>\n<p>Markus Wienstroer Gitarre<\/p>\n<p>Emanuel Stanley Bass<\/p>\n<p>Hans F\u00fccker Keys<\/p>\n<p>Stefan Schneider Drums<\/p>\n<p>und HpSalentin Tp\/ Flgh<\/p>\n<p>Los geht es um 17.30 Schlo\u00df Burgau \/ Winkelsaal<\/p>\n<p>&nbsp;<\/p>\n<p>Photo co Paul D\u00fcster<\/p>\n<p>&nbsp;<\/p>\n<div class=\"_2-sx\"><img loading=\"lazy\" decoding=\"async\" class=\"spotlight\" src=\"https:\/\/scontent-frx5-1.xx.fbcdn.net\/v\/t1.0-9\/53677028_10216303185745664_3147405910578561024_n.jpg?_nc_cat=105&amp;_nc_eui2=AeFTiejN3S7UqD3pqwdN2mLE4gv5PgHCWBOg-QrMXzB7XPBlMblysFp2ez2M9l7eP6NeMjSV1SSEp41KZvqY3lUHLp-50k_QwMB2hQ2NR3IcaQ&amp;_nc_ht=scontent-frx5-1.xx&amp;oh=7544aa8cb536f638d8300b79bbece37f&amp;oe=5D1FEE1C\" alt=\"Bild k\u00f6nnte enthalten: Hans Peter Salentin, im Freien und Wasser\" width=\"190\" height=\"160\" \/><\/div>\n<p>&nbsp;<\/p>\n","protected":false},"excerpt":{"rendered":"<p>12.03 D\u00fcren : Kreissport Bund ehrt Vereine f\u00fcr Integratives Handeln Das Konzept hier zu wurde vom Kreissport Bund D\u00fcren ausgearbeitet und wurde erstmals im Raum D\u00fcren umgesetzt. Federf\u00fchrend f\u00fcr den KSB ist Wolfgang Schmitz. Zu dieser Veranstaltung mit 15 B\u00fcrgermeistern, dem Landrat und Vertreter der Landesregierung hat der Kreissportbund Hans Peter Salentin mit seiner Band [&hellip;]<\/p>\n","protected":false},"author":2,"featured_media":0,"comment_status":"closed","ping_status":"closed","sticky":false,"template":"","format":"standard","meta":{"footnotes":""},"categories":[1],"tags":[],"class_list":["post-2612","post","type-post","status-publish","format-standard","hentry","category-allgemein"],"_links":{"self":[{"href":"http:\/\/hp-salentin.de\/index.php?rest_route=\/wp\/v2\/posts\/2612","targetHints":{"allow":["GET"]}}],"collection":[{"href":"http:\/\/hp-salentin.de\/index.php?rest_route=\/wp\/v2\/posts"}],"about":[{"href":"http:\/\/hp-salentin.de\/index.php?rest_route=\/wp\/v2\/types\/post"}],"author":[{"embeddable":true,"href":"http:\/\/hp-salentin.de\/index.php?rest_route=\/wp\/v2\/users\/2"}],"replies":[{"embeddable":true,"href":"http:\/\/hp-salentin.de\/index.php?rest_route=%2Fwp%2Fv2%2Fcomments&post=2612"}],"version-history":[{"count":6,"href":"http:\/\/hp-salentin.de\/index.php?rest_route=\/wp\/v2\/posts\/2612\/revisions"}],"predecessor-version":[{"id":2618,"href":"http:\/\/hp-salentin.de\/index.php?rest_route=\/wp\/v2\/posts\/2612\/revisions\/2618"}],"wp:attachment":[{"href":"http:\/\/hp-salentin.de\/index.php?rest_route=%2Fwp%2Fv2%2Fmedia&parent=2612"}],"wp:term":[{"taxonomy":"category","embeddable":true,"href":"http:\/\/hp-salentin.de\/index.php?rest_route=%2Fwp%2Fv2%2Fcategories&post=2612"},{"taxonomy":"post_tag","embeddable":true,"href":"http:\/\/hp-salentin.de\/index.php?rest_route=%2Fwp%2Fv2%2Ftags&post=2612"}],"curies":[{"name":"wp","href":"https:\/\/api.w.org\/{rel}","templated":true}]}}