{"id":2706,"date":"2019-10-06T12:07:49","date_gmt":"2019-10-06T10:07:49","guid":{"rendered":"http:\/\/hp-salentin.de\/?p=2706"},"modified":"2019-10-06T17:29:43","modified_gmt":"2019-10-06T15:29:43","slug":"allerheiligen-1-11-2019-evg-kirche-bad-muenstereifel-am-freitag-den-1-november-2019-allerheiligen-beginn-19-00-uhr","status":"publish","type":"post","link":"http:\/\/hp-salentin.de\/?p=2706","title":{"rendered":"Allerheiligen 1.11.2019  evg. Kirche Bad M\u00fcnstereifel , am Freitag , den 1. November 2019 Allerheiligen Beginn 19.00 Uhr"},"content":{"rendered":"<p><a href=\"http:\/\/hp-salentin.de\/wp-content\/uploads\/2019\/10\/Deutsche-Mythen1.jpg\"><img loading=\"lazy\" decoding=\"async\" class=\"alignleft  wp-image-2711\" src=\"http:\/\/hp-salentin.de\/wp-content\/uploads\/2019\/10\/Deutsche-Mythen1-213x300.jpg\" alt=\"Deutsche Mythen\" width=\"229\" height=\"323\" \/><\/a><\/p>\n<p>&nbsp;<\/p>\n<p>&nbsp;<\/p>\n<p>&nbsp;<\/p>\n<p>&nbsp;<\/p>\n<p>&nbsp;<\/p>\n<p>&nbsp;<\/p>\n<p>&nbsp;<\/p>\n<p>&nbsp;<\/p>\n<p>&nbsp;<\/p>\n<p>&nbsp;<\/p>\n<p>&nbsp;<\/p>\n<p><strong><span style=\"font-size: 18pt;\">evg. Kirche Bad M\u00fcnstereifel , Langenhecke<\/span><\/strong><br \/>\n<strong><span style=\"font-size: 14pt;\">am Freitag , den 1 November 2019 Allerheiligen<\/span><\/strong><br \/>\n<strong><span style=\"font-size: 14pt;\"> Beginn 19.00 Uhr<\/span><\/strong><\/p>\n<p><strong>Deutsche Mythen des Jahres 2018\/2019<\/strong><br \/>\n<strong> Das Austellungs Konzert<\/strong><\/p>\n<p>Photographien von Volker Tenner<br \/>\nMusik von Prof. Hans Peter Salentin<br \/>\nText von Anna Maria Wauters<\/p>\n<p>Volker Tenner :<br \/>\nIm Osten sozialisiert,<br \/>\nKameramann, mit einem einj\u00e4hrigen Berufsverbot belegt , Ausb\u00fcrgerung 1987,<br \/>\nK\u00fcnstlerischer Photograph<br \/>\nDies sind alles und noch mehr trifft auf Volker Tenner zu.<br \/>\nSeit Jahren wohnt er in Schleiden &#8211; Olef und betreibt bis heute<br \/>\nFine Art Photography<br \/>\nDiverse Arbeiten und Ausstellungen folgten u.a im Kunst Forum Eifel.<br \/>\nDort trafen der Musik Prof. HpSalentin und der K\u00fcnstler Volker Tenner das erste Mal aufeinander.<\/p>\n<p>Das erneute Aufeinander Treffen im Kunst Forum 2019 f\u00fchrte zu der Idee,<br \/>\nVolker Tenners Bildband \u201eDeutsche Mythen des Jahres 2018\/19 &#8220;<br \/>\nin Bad M\u00fcnstereifel mit den musikalischen Klangbildern Prof. Salentin`s zu vereinen.<br \/>\nDie in Antwerpen lebende Belgische Autorin Anna Maria Wauters wird dazu ihre Texte rezitieren.<\/p>\n<p>Die k\u00fcnstlerische Veranstaltung beginnt um 19.00 Uhr und endet gegen 21.00 Uhr.<\/p>\n<p>Die Besucher k\u00f6nnen um 19.00 Uhr , die im halbrund aufgestellten Bilder, von der N\u00e4he aus betrachten, die Musik auf sich wirken lassen und gleichzeitig wird die Gelegenheit geboten, sich in den Kirchenraum zu setzen und die gesamte Atmosph\u00e4re ruhig auf sich wirken zu lassen.<br \/>\nNach der in etwa 1 st\u00fcndigen meditativen Veranstaltung, bietet sich Gelegenheit des Austausches mit den K\u00fcnstlern.<\/p>\n<p>Salentin,Tenner :<br \/>\n,,Wir gehen hiermit neue Wege. Auf der einen Seite haben wir die Bilder, die man betrachten kann , dazu die Musik, die sich immer wieder mit Texten von Anna Maria Wauters abwechselt.<br \/>\nGerade der Kirchenraum ist hier f\u00fcr pr\u00e4destiniert, da er an sich ein Ort der Ruhe und des Nachdenkens ist.<br \/>\nUnd genau diesen ruhigen, bis hin zu meditavivem Raum, m\u00f6chten wir dem Publikum bieten.&#8220;<br \/>\nAm Freitag den 1 November 2019 Allerheiligen, 19.00 Uhr<br \/>\nin M\u00fcnstereifel in der evg. Kirche Bad M\u00fcnstereifel-Langenhecke,<br \/>\nwird Volker Tenners Bilder &#8211; Zyklus<br \/>\n,,Deutsche Mythen des Jahres 2018 \/ 2019&#8220;<br \/>\nzur Live -Musik von Prof. HpSalentin mit Trompete \/ Flgh \/ elektronischen Verfremdungen<br \/>\nund den Texten von Anna Maria Wauters , zu sehen und h\u00f6ren sein.<br \/>\nEin au\u00dfergew\u00f6hnliches Ereignis in Bad M\u00fcnstereifel<\/p>\n<p>Eintritt 12,- Euro<\/p>\n","protected":false},"excerpt":{"rendered":"<p>&nbsp; &nbsp; &nbsp; &nbsp; &nbsp; &nbsp; &nbsp; &nbsp; &nbsp; &nbsp; &nbsp; evg. Kirche Bad M\u00fcnstereifel , Langenhecke am Freitag , den 1 November 2019 Allerheiligen Beginn 19.00 Uhr Deutsche Mythen des Jahres 2018\/2019 Das Austellungs Konzert Photographien von Volker Tenner Musik von Prof. Hans Peter Salentin Text von Anna Maria Wauters Volker Tenner : Im [&hellip;]<\/p>\n","protected":false},"author":2,"featured_media":0,"comment_status":"closed","ping_status":"closed","sticky":false,"template":"","format":"standard","meta":{"footnotes":""},"categories":[1],"tags":[],"class_list":["post-2706","post","type-post","status-publish","format-standard","hentry","category-allgemein"],"_links":{"self":[{"href":"http:\/\/hp-salentin.de\/index.php?rest_route=\/wp\/v2\/posts\/2706","targetHints":{"allow":["GET"]}}],"collection":[{"href":"http:\/\/hp-salentin.de\/index.php?rest_route=\/wp\/v2\/posts"}],"about":[{"href":"http:\/\/hp-salentin.de\/index.php?rest_route=\/wp\/v2\/types\/post"}],"author":[{"embeddable":true,"href":"http:\/\/hp-salentin.de\/index.php?rest_route=\/wp\/v2\/users\/2"}],"replies":[{"embeddable":true,"href":"http:\/\/hp-salentin.de\/index.php?rest_route=%2Fwp%2Fv2%2Fcomments&post=2706"}],"version-history":[{"count":7,"href":"http:\/\/hp-salentin.de\/index.php?rest_route=\/wp\/v2\/posts\/2706\/revisions"}],"predecessor-version":[{"id":2715,"href":"http:\/\/hp-salentin.de\/index.php?rest_route=\/wp\/v2\/posts\/2706\/revisions\/2715"}],"wp:attachment":[{"href":"http:\/\/hp-salentin.de\/index.php?rest_route=%2Fwp%2Fv2%2Fmedia&parent=2706"}],"wp:term":[{"taxonomy":"category","embeddable":true,"href":"http:\/\/hp-salentin.de\/index.php?rest_route=%2Fwp%2Fv2%2Fcategories&post=2706"},{"taxonomy":"post_tag","embeddable":true,"href":"http:\/\/hp-salentin.de\/index.php?rest_route=%2Fwp%2Fv2%2Ftags&post=2706"}],"curies":[{"name":"wp","href":"https:\/\/api.w.org\/{rel}","templated":true}]}}