{"id":3109,"date":"2021-08-19T08:32:16","date_gmt":"2021-08-19T06:32:16","guid":{"rendered":"http:\/\/hp-salentin.de\/?p=3109"},"modified":"2021-08-19T08:32:18","modified_gmt":"2021-08-19T06:32:18","slug":"paul-duester-rip-18-09-2021","status":"publish","type":"post","link":"http:\/\/hp-salentin.de\/?p=3109","title":{"rendered":"Paul D\u00fcster RiP 18.09.2021"},"content":{"rendered":"\n<p><\/p>\n\n\n\n<figure class=\"wp-block-image size-large is-resized\"><img loading=\"lazy\" decoding=\"async\" src=\"http:\/\/hp-salentin.de\/wp-content\/uploads\/2021\/08\/53261081_10216193686492044_318027983078031360_n.jpg\" alt=\"\" class=\"wp-image-3110\" width=\"336\" height=\"336\"\/><figcaption>Photo Privat<\/figcaption><\/figure>\n\n\n\n<p><\/p>\n\n\n\n<p>Gestern Mittwoch den 18.082021, starb Paul D\u00fcster.<\/p>\n\n\n\n<p>Eine sehr traurige Nachricht , die mir seine langj\u00e4hrige Frau Elke Roitzheim zu kommen lies.<\/p>\n\n\n\n<p>Sprachlos war und bin ich.<\/p>\n\n\n\n<p>Zum 2ten Male in k\u00fcrzester Zeit, nur sprachlos.<\/p>\n\n\n\n<p>Es hatte sich angebahnt und trotzdem kam es wie aus dem Nichts.<\/p>\n\n\n\n<p>Mein Verh\u00e4ltnis zu Paul entstand vor Jahren aus einer professionellen Situation.<\/p>\n\n\n\n<p>Ich spielte ein Konzert und er machte Photos.<\/p>\n\n\n\n<p>\u00dcber die Jahre hat er immer wieder Photos gemacht, so wohl bei Konzerten,<\/p>\n\n\n\n<p>als auch f\u00fcr meine beruflichen Aktivit\u00e4ten.<\/p>\n\n\n\n<p>Und dann tauchte er immer bei den lokalen Sport Events auf, die mich interessierten.<\/p>\n\n\n\n<p>Das war unsere eigentliche Leidenschaft : Sport und das auf allen Ebenen,<\/p>\n\n\n\n<p>von der 3ten Kreisklasse bis zur Bundesliga.<\/p>\n\n\n\n<p>Er war der Verein, die Mannschaft, der Einzelspieler.<\/p>\n\n\n\n<p>Er kannte jeden und jede , war interessiert, schaute alles , was mit Sport zu tun hatte.<\/p>\n\n\n\n<p>Er kannte jeden und jede\/r kannte ihn.<\/p>\n\n\n\n<p>Er war der Paul, der Photos machte , die man dann Montags in den Medien sehen konnte.<\/p>\n\n\n\n<p>\u00dcbrigens haben wir beide die gleiche Idee eines Photos: man muss die Situation erahnen und dann schie\u00dfen.<\/p>\n\n\n\n<p>Seine Photos waren Weltklasse, weil sie alles \u00fcber das Spiel sagten.<\/p>\n\n\n\n<p>Auch gab es dann Montags oder Dienstags kontroverse Telephonate von verschiedensten Seiten, warum den Spieler und nicht den Anderen , warum nicht die Situation abgedruckt in den Zeitungen erschien.<\/p>\n\n\n\n<p>Viele haben seine Bilder verstanden.<\/p>\n\n\n\n<p>Ich immer.<\/p>\n\n\n\n<p>Der Druck am Wochende gute Bilder und Artikel abzuliefern war enorm.<\/p>\n\n\n\n<p>.<\/p>\n\n\n\n<p>Wir haben zusammen Handball -BAM, Basketball DJK , Volleyball ( Marmagen Frauen -was f\u00fcr eine gute Zeit und D\u00fcren Powervolleys ) geschaut und uns \u00fcber die jeweilige Mannschaft ausgetauscht.<\/p>\n\n\n\n<p>Es war immer, als w\u00e4ren wir der Verein und so ging es um Leistungsst\u00e4nde, Prognosen, Sponsoren, M\u00f6glichkeiten und das war f\u00fcr uns beide , eine gute Zeit.<\/p>\n\n\n\n<p>F\u00fcr mich : eine sehr gute Zeit.<\/p>\n\n\n\n<p>Es waren mal l\u00e4ngere mal k\u00fcrzere Treffen, oft auch auf dem Sprung zum n\u00e4chsten Termin.<\/p>\n\n\n\n<p>Aber immer noch Zeit f\u00fcr ein kurze Pause, die ich nicht weiter ausf\u00fchren m\u00f6chte.<\/p>\n\n\n\n<p>( Ich grinse ein wenig )<\/p>\n\n\n\n<p>Sport war bestimmt nicht Pauls einzige Seite.<\/p>\n\n\n\n<p>Da werden andere Anderes schreiben.<\/p>\n\n\n\n<p>Es war unsere Verbindung und das werde ich sehr vermissen.<\/p>\n\n\n\n<p>Das ist Paul f\u00fcr mich:<\/p>\n\n\n\n<p>Ein Typ, ein Mensch, der gute und schwere Zeiten erlebt hat.<\/p>\n\n\n\n<p>Ein Mann , der oft gek\u00e4mpft hat und bestimmt noch nicht gehen wollte.<\/p>\n\n\n\n<p>Er ist gegangen und Elke bleibt.<\/p>\n\n\n\n<p>Dir Elke ,w\u00fcnsche ich alles Gute und dr\u00fcck dich !<\/p>\n\n\n\n<p>Hans Peter<\/p>\n","protected":false},"excerpt":{"rendered":"<p>Gestern Mittwoch den 18.082021, starb Paul D\u00fcster. Eine sehr traurige Nachricht , die mir seine langj\u00e4hrige Frau Elke Roitzheim zu kommen lies. Sprachlos war und bin ich. Zum 2ten Male in k\u00fcrzester Zeit, nur sprachlos. Es hatte sich angebahnt und trotzdem kam es wie aus dem Nichts. Mein Verh\u00e4ltnis zu Paul entstand vor Jahren aus [&hellip;]<\/p>\n","protected":false},"author":2,"featured_media":0,"comment_status":"closed","ping_status":"closed","sticky":false,"template":"","format":"standard","meta":{"footnotes":""},"categories":[1],"tags":[],"class_list":["post-3109","post","type-post","status-publish","format-standard","hentry","category-allgemein"],"_links":{"self":[{"href":"http:\/\/hp-salentin.de\/index.php?rest_route=\/wp\/v2\/posts\/3109","targetHints":{"allow":["GET"]}}],"collection":[{"href":"http:\/\/hp-salentin.de\/index.php?rest_route=\/wp\/v2\/posts"}],"about":[{"href":"http:\/\/hp-salentin.de\/index.php?rest_route=\/wp\/v2\/types\/post"}],"author":[{"embeddable":true,"href":"http:\/\/hp-salentin.de\/index.php?rest_route=\/wp\/v2\/users\/2"}],"replies":[{"embeddable":true,"href":"http:\/\/hp-salentin.de\/index.php?rest_route=%2Fwp%2Fv2%2Fcomments&post=3109"}],"version-history":[{"count":1,"href":"http:\/\/hp-salentin.de\/index.php?rest_route=\/wp\/v2\/posts\/3109\/revisions"}],"predecessor-version":[{"id":3111,"href":"http:\/\/hp-salentin.de\/index.php?rest_route=\/wp\/v2\/posts\/3109\/revisions\/3111"}],"wp:attachment":[{"href":"http:\/\/hp-salentin.de\/index.php?rest_route=%2Fwp%2Fv2%2Fmedia&parent=3109"}],"wp:term":[{"taxonomy":"category","embeddable":true,"href":"http:\/\/hp-salentin.de\/index.php?rest_route=%2Fwp%2Fv2%2Fcategories&post=3109"},{"taxonomy":"post_tag","embeddable":true,"href":"http:\/\/hp-salentin.de\/index.php?rest_route=%2Fwp%2Fv2%2Ftags&post=3109"}],"curies":[{"name":"wp","href":"https:\/\/api.w.org\/{rel}","templated":true}]}}