{"id":3130,"date":"2021-12-23T13:46:20","date_gmt":"2021-12-23T11:46:20","guid":{"rendered":"http:\/\/hp-salentin.de\/?p=3130"},"modified":"2021-12-24T11:26:20","modified_gmt":"2021-12-24T09:26:20","slug":"hans-peter-salentin-in-israel-11-20-12-2021","status":"publish","type":"post","link":"http:\/\/hp-salentin.de\/?p=3130","title":{"rendered":"Hans Peter Salentin in Israel 11-20.12.2021"},"content":{"rendered":"\n<figure class=\"wp-block-image size-large\"><img decoding=\"async\" src=\"http:\/\/hp-salentin.de\/wp-content\/uploads\/2021\/12\/269694042_10159824217044379_1987351485328270826_n-1-1024x575.jpg\" alt=\"\" class=\"wp-image-3162\"\/><figcaption>Photo Ira Litam<\/figcaption><\/figure>\n\n\n\n<blockquote>\n<h1><span style=\"font-size: large;\">Prof Salentin &#8211; Einladung nach Mitzpe Ramon Israel &#8211; <\/span><\/h1>\n<\/blockquote>\n<p><strong>ein gro\u00dfer Dank geht auch an das Goethe Institut und den Mitarbeitern vor Ort.<\/strong><\/p>\n<p><strong>Im besonderen Frau Ruth Przybyla,<\/strong><\/p>\n<p><strong>&nbsp;Das war ein gro\u00dfartiger Support !<\/strong><\/p>\n<p><span style=\"font-size: large;\">Mitzpe Ramon :&nbsp;&nbsp;&nbsp;&nbsp;&nbsp; internal compass Music institut und<\/span><\/p>\n<p><span style=\"font-size: large;\">,, Jazz on the Edge &#8220; Festival&#8220;<\/span><\/p>\n<p><span style=\"font-size: large;\">vom 13-22.2021<\/span><\/p>\n<p>&nbsp;<\/p>\n<p>&nbsp;<\/p>\n\n\n\n<figure class=\"wp-block-image size-large is-resized\"><img loading=\"lazy\" decoding=\"async\" src=\"http:\/\/hp-salentin.de\/wp-content\/uploads\/2021\/12\/269843008_3096171047364866_4241618241011704356_n-1024x681.jpg\" alt=\"\" class=\"wp-image-3160\" width=\"462\" height=\"306\"\/><figcaption>Photo Internal Compass<\/figcaption><\/figure>\n\n\n\n<figure class=\"wp-block-image size-large\"><img decoding=\"async\" src=\"http:\/\/hp-salentin.de\/wp-content\/uploads\/2021\/12\/265237721_4823674237653528_3996706035629153634_n-1.jpg\" alt=\"\" class=\"wp-image-3155\"\/><\/figure>\n\n\n\n<figure class=\"wp-block-image size-large is-resized\"><img loading=\"lazy\" decoding=\"async\" src=\"http:\/\/hp-salentin.de\/wp-content\/uploads\/2021\/12\/264174189_10159837740799104_985992590149448685_n-1.jpg\" alt=\"\" class=\"wp-image-3156\" width=\"231\" height=\"327\"\/><\/figure>\n\n\n\n<figure class=\"wp-block-image size-large is-resized\"><img loading=\"lazy\" decoding=\"async\" src=\"http:\/\/hp-salentin.de\/wp-content\/uploads\/2021\/12\/269715085_10159824214999379_9007867516789667788_n-3-1024x576.jpg\" alt=\"\" class=\"wp-image-3131\" width=\"259\" height=\"145\"\/><\/figure>\n\n\n\n<p><span style=\"font-size: large;\">Zusammen mit seiner Frau <strong>Brianna,<\/strong> hat <strong>Ehud Ettun<\/strong> in <strong>Mitzpe Ramon<\/strong>, einem Ort im S\u00fcden Israels,<\/span><\/p>\n<p><span style=\"font-size: large;\">einen Studiengang Jazz auf hohem Niveau aufgebaut und etabliert.<\/span><\/p>\n<p><span style=\"font-size: large;\">Das Internal Compass Music Institute<\/span><\/p>\n<p><strong><span style=\"font-size: large;\">Ehud Ettun<\/span><\/strong><\/p>\n<p><span style=\"font-size: large;\">hat w\u00e4hrend seiner Studienzeit in Boston und seiner Zeit in NY (USA) Kontakte mit weltweit agierenden Musikern gemacht.<\/span><\/p>\n<p><span style=\"font-size: large;\">Er selber ist sowohl als Dozent , als auch als konzertierender Musiker, weltweit t\u00e4tig.<\/span><\/p>\n<p><span style=\"font-size: large;\">Viele dieser Kollegen , die er auf seinen Reisen kennengelernt hat,<\/span><\/p>\n<p><span style=\"font-size: large;\">l\u00e4dt er nach Mitzpe Ramon ein.<\/span><\/p>\n<p><span style=\"font-size: large;\">Diese arbeiten mit den Studenten und geben auch Konzerte in ganz Israel.<\/span><\/p>\n<p><span style=\"font-size: large;\">Bei einer solchen Dozenten T\u00e4tigkeit lernte Ehud Ettun <\/span><\/p>\n<p><span style=\"font-size: large;\">Hans Peter Salentin vor 3 Jahren in Chodziez\/Polen kennen.<\/span><\/p>\n<p><span style=\"font-size: large;\">Dies ist wohl der gr\u00f6\u00dfte Jazz Workshop in Polen mit zur Teit circa 200 Teilnehmern.<\/span><\/p>\n<p><span style=\"font-size: large;\">Ehud Ettun lud Hans Peter Salentin zu dem ,,Jazz on the Edge &#8220;Prgramm ein. <\/span><\/p>\n<p><span style=\"font-size: large;\">Gleichzeitig fand dann auch sowohl praktisches Arbeiten, als auch ein <\/span><\/p>\n<p><span style=\"color: #000000;\"><span style=\"font-family: sans-serif;\"><span style=\"font-size: large;\">Diskussionsforum mit Studierenden des Internal Compass Music Institute <\/span><\/span><\/span><\/p>\n<p><span style=\"color: #000000;\"><span style=\"font-family: sans-serif;\"><span style=\"font-size: large;\">zum Thema \u201eMusik als Tool f\u00fcr sozialen Wandel\u201c statt.<\/span><\/span><\/span><\/p>\n<p><span style=\"color: #000000;\"><span style=\"font-family: sans-serif;\"><span style=\"font-size: large;\">Desweiteren fanden 3 Konzerte in Israel statt<\/span><\/span><\/span>.<\/p>\n<p>Einreise nach Israel am 11\/12 und Quarant\u00e4ne<\/p>\n<p><span style=\"color: #000000;\"><span style=\"font-family: sans-serif;\"><span style=\"font-size: large;\">Am Dienstag 13.12 fanden eine Probe mit der Big Band statt <\/span><\/span><\/span><\/p>\n<p><span style=\"color: #000000;\"><span style=\"font-family: sans-serif;\"><span style=\"font-size: large;\">19.30-22.00<\/span><\/span><\/span><\/p>\n<p><span style=\"color: #000000;\"> <span style=\"font-family: sans-serif;\"><span style=\"font-size: large;\">Hans Peter Salentin arbeitete mit den Studenten <\/span><\/span><\/span><\/p>\n<p><span style=\"color: #000000;\"><span style=\"font-family: sans-serif;\"><span style=\"font-size: large;\">des Music Institutes an ihrem Big Band Repertoire.<\/span><\/span><\/span><\/p>\n<p><span style=\"color: #000000;\"><span style=\"font-family: sans-serif;\"><span style=\"font-size: large;\">Anschlie\u00dfend fand eine Combo Probe statt, bei der die Studenten <\/span><\/span><\/span><\/p>\n<p><span style=\"color: #000000;\"><span style=\"font-family: sans-serif;\"><span style=\"font-size: large;\">3 von Salentin&#8217;s Eigenkompositionen erprobten.<\/span><\/span><\/span><\/p>\n<p><span style=\"color: #000000;\"> <span style=\"font-family: sans-serif;\"><span style=\"font-size: large;\">22.00 bis 1 Uhr Nachts.<\/span><\/span><\/span><\/p>\n<p>&nbsp;<\/p>\n<p><span style=\"color: #000000;\"><span style=\"font-family: sans-serif;\"><span style=\"font-size: large;\">Am Mittwoch den 14.12 fand nochmals eine Combo Probe statt und Abends konzertierten 2 Combos ( Pablo Lapidusas &amp; HpSalentin Combo) vor interessierten Studenten und Anwohnern <\/span><\/span><\/span><\/p>\n<p><span style=\"color: #000000;\"><span style=\"font-family: sans-serif;\"><span style=\"font-size: large;\">aus Mitzpe Ramon<\/span><\/span><\/span><\/p>\n<p>&nbsp;<\/p>\n\n\n\n<figure class=\"wp-block-image size-large is-resized\"><img loading=\"lazy\" decoding=\"async\" src=\"http:\/\/hp-salentin.de\/wp-content\/uploads\/2021\/12\/266731788_10223802169575573_8330011440664173642_n-1024x768.jpg\" alt=\"\" class=\"wp-image-3132\" width=\"246\" height=\"185\"\/><figcaption>Photo privat<\/figcaption><\/figure>\n\n\n\n<p><span style=\"color: #000000;\"><span style=\"font-family: sans-serif;\"><span style=\"font-size: large;\">Donnerstag 15. 12 war das Konzert in Tel Aviv.<\/span><\/span><\/span><\/p>\n<p><span style=\"color: #000000;\"><span style=\"font-family: sans-serif;\"><span style=\"font-size: large;\">Herauszuheben w\u00e4re , neben dem Konzert und einem ausverkauften Haus, das dort spontan ein <\/span><\/span><\/span><\/p>\n<p><span style=\"color: #000000;\"><span style=\"font-family: sans-serif;\"><span style=\"font-size: large;\">Musiker Lenny Senderesky( Altsaxophon ) mitspielte und <\/span><\/span><\/span><\/p>\n<p><span style=\"color: #000000;\"><span style=\"font-family: sans-serif;\"><span style=\"font-size: large;\">das Publikum von Salentin zu einem kleinen Call und Response eingeladen wurde -(eine musikalische Interaktion mit dem K\u00fcnstler und dem Publikum mittels Stimme).<\/span><\/span><\/span><\/p>\n<p>&nbsp;<\/p>\n\n\n\n<figure class=\"wp-block-image size-large is-resized\"><img loading=\"lazy\" decoding=\"async\" src=\"http:\/\/hp-salentin.de\/wp-content\/uploads\/2021\/12\/269750986_10223823810076572_7368829508885802748_n-1024x768.jpg\" alt=\"\" class=\"wp-image-3133\" width=\"200\" height=\"150\"\/><figcaption>Photo privat<\/figcaption><\/figure>\n\n\n\n<p><span style=\"color: #000000;\"><span style=\"font-family: sans-serif;\"><span style=\"font-size: large;\">Freitag 16.12 fand das Diskussionsforum mit Studenten statt.<\/span><\/span><\/span><\/p>\n<p><span style=\"color: #000000;\"><span style=\"font-family: sans-serif;\"><span style=\"font-size: large;\">15.00-17.00<\/span><\/span><\/span><\/p>\n<p><span style=\"color: #000000;\"><span style=\"font-family: sans-serif;\"><span style=\"font-size: large;\">Nat\u00fcrlich wurden dort auch Themen behandelt wie <\/span><\/span><\/span><\/p>\n<p><span style=\"color: #000000;\"><span style=\"font-family: sans-serif;\"><span style=\"font-size: large;\">praktisches Arbeiten, <\/span><\/span><\/span><\/p>\n<p><span style=\"color: #000000;\"><span style=\"font-family: sans-serif;\"><span style=\"font-size: large;\">Vermarktungs Tools, <\/span><\/span><\/span><\/p>\n<p><span style=\"color: #000000;\"><span style=\"font-family: sans-serif;\"><span style=\"font-size: large;\">und Promotion<\/span><\/span><\/span><\/p>\n<p><span style=\"color: #000000;\"><span style=\"font-family: sans-serif;\"><span style=\"font-size: large;\">Ein gro\u00dfer Schwerpunkt lag auch auf der Entwicklung eines Band bzw Solo Konzeptes und der pers\u00f6nlichen k\u00fcnstlerischen Weiterbildung.<\/span><\/span><\/span><\/p>\n<p><span style=\"color: #000000;\"><span style=\"font-family: sans-serif;\"><span style=\"font-size: large;\">Das Interesse war sehr gro\u00df und die Veranstaltung dauerte cirka 2 Std.<\/span><\/span><\/span><\/p>\n<p><span style=\"color: #000000;\"><span style=\"font-family: sans-serif;\"><span style=\"font-size: large;\">Anschlie\u00dfend gab Salentin noch Bl\u00e4ser Unterricht. <\/span><\/span><\/span><\/p>\n<p><span style=\"color: #000000;\"><span style=\"font-family: sans-serif;\"><span style=\"font-size: large;\">Daf\u00fcr gibt es einem enormen Bedarf an dem Institut.<\/span><\/span><\/span><\/p>\n<p><span style=\"color: #000000;\"><span style=\"font-family: sans-serif;\"><span style=\"font-size: large;\">Samstag 17.12 war das Konzert in Jerusalem<\/span><\/span><\/span><\/p>\n<p><span style=\"color: #000000;\"> <span style=\"font-family: sans-serif;\"><span style=\"font-size: large;\">Anschlie\u00dfend wies Ehud Salentin darauf hin, das es dort eine durchaus bemerkenswerte Situation gegeben h\u00e4tte.<\/span><\/span><\/span><\/p>\n<p>&nbsp;<\/p>\n<p><span style=\"color: #000000;\"><span style=\"font-family: sans-serif;\"><span style=\"font-size: large;\">Der Percussionist Moti Abdo aus Jabel mukaber , wurde zum gemeinsamen Spiel eingeladen und trat , neben der Band mit <\/span><\/span><\/span><\/p>\n<p><span style=\"color: #000000;\"><span style=\"font-family: sans-serif;\"><span style=\"font-size: large;\"><strong>Heim Poskoff Israel ,Ehud Ettun Israel, Pablo Lapidusas Argentinien und HpSalentin Deutschland<\/strong> <\/span><\/span><\/span><\/p>\n<p><span style=\"color: #000000;\"><span style=\"font-family: sans-serif;\"><span style=\"font-size: large;\">und als Gast <strong>Musiker Rafael Sernecki und Adam Zagorski<\/strong> ( Polen ) und der besagte Percussionist, <strong>Moti Abdo<\/strong> auf.<\/span><\/span><\/span><\/p>\n<p>&nbsp;<\/p>\n\n\n\n<figure class=\"wp-block-image size-large is-resized\"><img loading=\"lazy\" decoding=\"async\" src=\"http:\/\/hp-salentin.de\/wp-content\/uploads\/2021\/12\/269715381_10159824200749379_4892100959454082093_n-1024x578.jpg\" alt=\"\" class=\"wp-image-3143\" width=\"449\" height=\"253\"\/><figcaption><br>Rafal Sarnecki-Moti Abdo-Haim E. Peskoff-Pablo Lapidusas -Ehud Ettun -Hans Peter Salentin Adam Zagorski                                                   all Photos from Tel Aviv : Ira Litam <\/figcaption><\/figure>\n\n\n\n<figure class=\"wp-block-image size-large is-resized\"><img loading=\"lazy\" decoding=\"async\" src=\"http:\/\/hp-salentin.de\/wp-content\/uploads\/2021\/12\/269711556_10159824216869379_2995756059078468185_n-1024x575.jpg\" alt=\"\" class=\"wp-image-3142\" width=\"265\" height=\"148\"\/><\/figure>\n\n\n\n<figure class=\"wp-block-image size-large is-resized\"><img loading=\"lazy\" decoding=\"async\" src=\"http:\/\/hp-salentin.de\/wp-content\/uploads\/2021\/12\/269604424_10159821230064379_263643451051305389_n-1024x575.jpg\" alt=\"\" class=\"wp-image-3141\" width=\"262\" height=\"146\"\/><\/figure>\n\n\n\n<figure class=\"wp-block-image size-large is-resized\"><img loading=\"lazy\" decoding=\"async\" src=\"http:\/\/hp-salentin.de\/wp-content\/uploads\/2021\/12\/269386500_10159821229284379_5158301220659463635_n-1024x576.jpg\" alt=\"\" class=\"wp-image-3140\" width=\"263\" height=\"147\"\/><\/figure>\n\n\n\n<figure class=\"wp-block-image size-large is-resized\"><img loading=\"lazy\" decoding=\"async\" src=\"http:\/\/hp-salentin.de\/wp-content\/uploads\/2021\/12\/269731043_10159824218374379_4387118229664374207_n-1024x576.jpg\" alt=\"\" class=\"wp-image-3139\" width=\"265\" height=\"148\"\/><\/figure>\n\n\n\n<figure class=\"wp-block-image size-large is-resized\"><img loading=\"lazy\" decoding=\"async\" src=\"http:\/\/hp-salentin.de\/wp-content\/uploads\/2021\/12\/269728382_10159824216614379_1280386010356482186_n-1024x575.jpg\" alt=\"\" class=\"wp-image-3138\" width=\"470\" height=\"263\"\/><\/figure>\n\n\n\n<figure class=\"wp-block-image size-large is-resized\"><img loading=\"lazy\" decoding=\"async\" src=\"http:\/\/hp-salentin.de\/wp-content\/uploads\/2021\/12\/269714001_10159824215204379_2868537595928463053_n-1024x576.jpg\" alt=\"\" class=\"wp-image-3137\" width=\"425\" height=\"238\"\/><\/figure>\n\n\n\n<figure class=\"wp-block-image size-large is-resized\"><img loading=\"lazy\" decoding=\"async\" src=\"http:\/\/hp-salentin.de\/wp-content\/uploads\/2021\/12\/269049337_10159821229649379_5461781480042472090_n-1024x575.jpg\" alt=\"\" class=\"wp-image-3136\" width=\"531\" height=\"297\"\/><\/figure>\n\n\n\n<figure class=\"wp-block-image size-large is-resized\"><img loading=\"lazy\" decoding=\"async\" src=\"http:\/\/hp-salentin.de\/wp-content\/uploads\/2021\/12\/269742056_10159824220189379_161966866374929992_n-1024x575.jpg\" alt=\"\" class=\"wp-image-3134\" width=\"476\" height=\"266\"\/><\/figure>\n\n\n\n<p>Thank you guys for a wonderful concert !!!!!!!!!!!  all Photos by Ira Litam<\/p>\n\n\n\n<p><span style=\"color: #000000;\"><span style=\"font-family: sans-serif;\"><span style=\"font-size: large;\">Salentin :<br \/><\/span><\/span><\/span><\/p>\n<blockquote>\n<p><span style=\"color: #000000;\"><span style=\"font-family: sans-serif;\"><span style=\"font-size: large;\">,,Mir war es nicht bewu\u00dft, das dies eine au\u00dfergew\u00f6hnliche Situation war. <\/span><\/span><\/span><\/p>\n<\/blockquote>\n<p><span style=\"color: #000000;\"><span style=\"font-family: sans-serif;\"><span style=\"font-size: large;\">,,Der palestinensische Musiker Moti Abdo spielt mit ect&#8230;&#8230;&#8220;<\/span><\/span><\/span><\/p>\n<p><span style=\"color: #000000;\"><span style=\"font-family: sans-serif;\"><span style=\"font-size: large;\">Der Percussionist wurde meist bei anderen Konzerten angek\u00fcndigt als ein Musiker , der aus dem und dem Ort stammt und dies eine besondere Situation war.<\/span><\/span><\/span><\/p>\n<p><span style=\"color: #000000;\"><span style=\"font-family: sans-serif;\"><span style=\"font-size: large;\">So tief bin ich nicht in der Materie Problematiken, zB ethnische Konflikte ect ect&#8212;&#8211;eingetaucht.<\/span><\/span><\/span><\/p>\n<p><span style=\"color: #000000;\"><span style=\"font-family: sans-serif;\"><span style=\"font-size: large;\">Nat\u00fcrlich sind mir Konfliktzonen bekannt.<\/span><\/span><\/span><\/p>\n<p>\u00a0<\/p>\n<p><span style=\"color: #000000;\"><span style=\"font-family: sans-serif;\"><span style=\"font-size: large;\">F\u00fcr mich war dies eine genau so normale Situation,wie die am Vortag , als der Altist einstieg.<\/span><\/span><\/span><\/p>\n<p><span style=\"color: #000000;\"><span style=\"font-family: sans-serif;\"><span style=\"font-size: large;\">Aber es war wohl doch eine au\u00dfergew\u00f6hnliche Sache in Israel, wie Ehud mich aufkl\u00e4rte.<\/span><\/span><\/span><\/p>\n<p><span style=\"color: #000000;\"><span style=\"font-family: sans-serif;\"><span style=\"font-size: large;\">F\u00fcr mich und die anderen aus meiner Band war es eine normale Situation , in der ein Musiker seine Kunst in ein Gesamtgeschehen einbringt und so eine neue musikalische Situation entsteht.<\/span><\/span><\/span><\/p>\n<blockquote>\n<p><span style=\"color: #000000;\"><span style=\"font-family: sans-serif;\"><span style=\"font-size: large;\">Dies ist das was wir und im besonderen ich tue:<\/span><\/span><\/span><\/p>\n<\/blockquote>\n<p><span style=\"color: #000000;\"><span style=\"font-family: sans-serif;\"><span style=\"font-size: large;\">Kommunikation auf allen Ebenen herstellen und dadurch neue musikalische Welten \u00f6ffnen und dadurch auch das Verst\u00e4ndnis f\u00fcr den Nebenmann\/ Frau zu \u00f6ffnen.<\/span><\/span><\/span><\/p>\n<p><span style=\"color: #000000;\"><span style=\"font-family: sans-serif;\"><span style=\"font-size: large;\">Wer so zusammen spielt, sitzt auch gemeinsam am Tisch.<\/span><\/span><\/span><\/p>\n<p><span style=\"color: #000000;\"><span style=\"font-family: sans-serif;\"><span style=\"font-size: large;\">Das ist nicht die L\u00f6sung aller Probleme , aber Kommunikation auf allen Ebenen schafft Wissen um den Anderen und Vertrauen.<\/span><\/span><\/span><\/p>\n<p>Danke Moti f\u00fcr dein grosartiges Spiel !\u00a0\u00a0\u00a0\u00a0\u00a0<\/p>\n<p>\u00a0<\/p>\n<p><span style=\"color: #000000;\"><span style=\"font-family: sans-serif;\"><span style=\"font-size: large;\">Am Sonntag 28.12 <\/span><\/span><\/span><\/p>\n<p><span style=\"color: #000000;\"><span style=\"font-family: sans-serif;\"><span style=\"font-size: large;\">gab es Studio Aufnahmen im eigenen Haus Studio vom Music Institute<\/span><\/span><\/span><\/p>\n<p><span style=\"color: #000000;\"> <span style=\"font-family: sans-serif;\"><span style=\"font-size: large;\">In den unterschiedlichsten Kombinationen ( Duo,Trio, Quartett, Quintett) wurden St\u00fccke der Festival K\u00fcnstler aufgenommen.<\/span><\/span><\/span><\/p>\n<p>\u00a0<\/p>\n<p>\u00a0<\/p>\n\n\n\n<figure class=\"wp-block-image size-large is-resized\"><img loading=\"lazy\" decoding=\"async\" src=\"http:\/\/hp-salentin.de\/wp-content\/uploads\/2021\/12\/269728382_10159824216614379_1280386010356482186_n-1-1024x575.jpg\" alt=\"\" class=\"wp-image-3167\" width=\"408\" height=\"228\"\/><\/figure>\n\n\n\n<figure class=\"wp-block-image size-large is-resized\"><img loading=\"lazy\" decoding=\"async\" src=\"http:\/\/hp-salentin.de\/wp-content\/uploads\/2021\/12\/269810601_3096171054031532_1605410410370569574_n-1024x681.jpg\" alt=\"\" class=\"wp-image-3168\" width=\"457\" height=\"303\"\/><figcaption>VODOO SESSION&#8212;&#8212;&#8212;&#8212;Sonntag 19.12<\/figcaption><\/figure>\n\n\n\n<figure class=\"wp-block-image size-large is-resized\"><img loading=\"lazy\" decoding=\"async\" src=\"http:\/\/hp-salentin.de\/wp-content\/uploads\/2021\/12\/269315569_10223819465727966_5688404069988552187_n-3-1024x576.jpg\" alt=\"\" class=\"wp-image-3150\" width=\"345\" height=\"193\"\/><figcaption>Recording at Mitzpe Ramon Music Studio<\/figcaption><\/figure>\n\n\n\n<p><span style=\"color: #000000;\"><span style=\"font-family: sans-serif;\"><span style=\"font-size: large;\">Gegen 17 Uhr fand eine Masterclass mit Hans Peter Salentin statt :<\/span><\/span><\/span><\/p>\n<p><span style=\"color: #000000;\"> <span style=\"font-family: sans-serif;\"><span style=\"font-size: large;\">Vodoo Session ( siehe dazu auch Bilder auf Salentin&#8217;s Webseite zu \u00e4hnlichen Verantsaltungen)<\/span><\/span><\/span><\/p>\n<p><span style=\"color: #000000;\"> <span style=\"font-family: sans-serif;\"><span style=\"font-size: large;\">Hier war es so, das die Anzahl der Teilnehmer doch sehr gro\u00df war und darum das Kino als Ort gew\u00e4hlt wurde. <\/span><\/span><\/span><\/p>\n<p><span style=\"color: #000000;\"><span style=\"font-family: sans-serif;\"><span style=\"font-size: large;\">Die eigentliche Ringformation , die Salentin oft als Aufstellung verwendet, war so nicht umsetzbar. <\/span><\/span><\/span><\/p>\n<p><span style=\"color: #000000;\"><span style=\"font-family: sans-serif;\"><span style=\"font-size: large;\">Trotzdem war die Kommmunikation mit dem Publikum die Grundlage eines sehr abwechslungsreichen Musikereignisses, welches durch Salentin in verschiedenste L\u00e4nder und Orte gef\u00fchrt wurde. Es wurde Samba gespielt und gerappt und geswingt und&#8230;&#8230;.vieles mehr.<\/span><\/span><\/span><\/p>\n<p><span style=\"color: #000000;\"><span style=\"font-family: sans-serif;\"><span style=\"font-size: large;\">Begleitet wurde Salentin von <\/span><\/span><\/span><\/p>\n<p><span style=\"color: #000000;\"><span style=\"font-family: sans-serif;\"><span style=\"font-size: large;\">Pablo Lapidusas -Piano-<\/span><\/span><\/span><\/p>\n<p><span style=\"color: #000000;\"><span style=\"font-family: sans-serif;\"><span style=\"font-size: large;\">Ehud Ettun Kontrabass und <\/span><\/span><\/span><\/p>\n<p><span style=\"color: #000000;\"><span style=\"font-family: sans-serif;\"><span style=\"font-size: large;\">Heime Poskoff Drums. <\/span><\/span><\/span><\/p>\n<p><span style=\"color: #000000;\"><span style=\"font-family: sans-serif;\"><span style=\"font-size: large;\">Diese konzert\u00e4hnliche Session endete mit 2 Beatles St\u00fccken :<\/span><\/span><\/span><\/p>\n<p><span style=\"color: #000000;\"> <span style=\"font-family: sans-serif;\"><span style=\"font-size: large;\">Blackbird und Yesterday \u2026&#8230;<\/span><\/span><\/span><\/p>\n<p>&nbsp;<\/p>\n\n\n\n<figure class=\"wp-block-image size-large is-resized\"><img loading=\"lazy\" decoding=\"async\" src=\"http:\/\/hp-salentin.de\/wp-content\/uploads\/2021\/12\/269731169_3096171050698199_7420761103674167096_n-1024x681.jpg\" alt=\"\" class=\"wp-image-3151\" width=\"375\" height=\"249\"\/><figcaption>Photo Internal Compass<\/figcaption><\/figure>\n\n\n\n<p><span style=\"color: #000000;\"> <span style=\"font-family: sans-serif;\"><span style=\"font-size: large;\">20 Uhr <\/span><\/span><\/span><\/p>\n<p><span style=\"color: #000000;\"><span style=\"font-family: sans-serif;\"><span style=\"font-size: large;\">war das das Konzert im Kino , welches den Auftakt zum Jazz Festival <br>,,Jazz on the Edge &#8220; bildete.<\/span><\/span><\/span><\/p>\n<p><span style=\"color: #000000;\"><span style=\"font-family: sans-serif;\"><span style=\"font-size: large;\">Das Konzert begann mit Cinema Paradiso ( Musik Ennio Morricone \/ Bertolucci Regie) im Duo und das Konzert endete mit der ganzen Band , die Cinema Paradiso spielte.<\/span><\/span><\/span><\/p>\n<p><span style=\"color: #000000;\"> <span style=\"font-family: sans-serif;\"><span style=\"font-size: large;\">Das Konzert Programm Salentin&#8217;s bestand aus Eigen Kompositionen und sehr fein ausgew\u00e4hlten St\u00fccken wie : my one and only love oder you must believe in Spring.<\/span><\/span><\/span><\/p>\n<p><span style=\"color: #000000;\"> <span style=\"font-family: sans-serif;\"><span style=\"font-size: large;\">Ein sehr sehr dankbares Publikum begr\u00fc\u00dfte die Zugaben.<\/span><\/span><\/span><\/p>\n<p><span style=\"color: #000000;\"> <span style=\"font-family: sans-serif;\"><span style=\"font-size: large;\">Anschlie\u00dfen gab es erneut ein Combo Spiel im kleinen Saal nebenan.<\/span><\/span><\/span><\/p>\n<p><span style=\"color: #000000;\"> <span style=\"font-family: sans-serif;\"><span style=\"font-size: large;\">So kam es das Salentin als Abschluss seiner Zeit seine eigene Komposition Luca , gespielt von den Studenten h\u00f6ren konnte und damit ging es in die Nacht &#8230;&#8230;.<br><\/span><\/span><\/span><\/p>\n<p>&nbsp;<\/p>\n\n\n\n<figure class=\"wp-block-image size-large is-resized\"><img loading=\"lazy\" decoding=\"async\" src=\"http:\/\/hp-salentin.de\/wp-content\/uploads\/2021\/12\/269796303_3096171044031533_6624587570820836126_n-1024x681.jpg\" alt=\"\" class=\"wp-image-3152\" width=\"504\" height=\"334\"\/><figcaption>Photo Internal Compass<\/figcaption><\/figure>\n\n\n\n<p>Abschlie\u00dfend ein sch\u00f6ner Artikel&nbsp; Jerusalem Post <\/p>\n<h1 class=\"g-row article-title\">Jazz on the edge at Mitzpe Ramon<\/h1>\n<h2 class=\"g-row article-subtitle\">Envelope-pushing German trumpeter Hans Peter Salentin to raise the curtain on next week\u2019s festival<\/h2>\n<div class=\"g-row article-subline\">\n<div class=\"article-subline-inner\">\n<div class=\"article-subline-inner-author\"><span class=\"article-subline-name\">By <span class=\"article-reporter\"><a href=\"https:\/\/www.jpost.com\/author\/barry-davis\" target=\"_blank\" rel=\"noopener\"> BARRY DAVIS<\/a><\/span><\/span><\/div>\n<div class=\"article-subline-inner-published-date\"><span class=\"published-date-lbl\">Published: <\/span> <span class=\"published-date-data\">DECEMBER 15<\/span><\/div>\n<div><a href=\"https:\/\/www.jpost.com\/israel-news\/culture\/jazz-on-the-edge-at-mitzpe-ramon-688834\">https:\/\/www.jpost.com\/israel-news\/culture\/jazz-on-the-edge-at-mitzpe-ramon-688834<\/a><\/div>\n<\/div>\n<\/div>\n","protected":false},"excerpt":{"rendered":"<p>Thank you guys for a wonderful concert !!!!!!!!!!! all Photos by Ira Litam<\/p>\n","protected":false},"author":2,"featured_media":0,"comment_status":"closed","ping_status":"closed","sticky":false,"template":"","format":"standard","meta":{"footnotes":""},"categories":[1],"tags":[],"class_list":["post-3130","post","type-post","status-publish","format-standard","hentry","category-allgemein"],"_links":{"self":[{"href":"http:\/\/hp-salentin.de\/index.php?rest_route=\/wp\/v2\/posts\/3130","targetHints":{"allow":["GET"]}}],"collection":[{"href":"http:\/\/hp-salentin.de\/index.php?rest_route=\/wp\/v2\/posts"}],"about":[{"href":"http:\/\/hp-salentin.de\/index.php?rest_route=\/wp\/v2\/types\/post"}],"author":[{"embeddable":true,"href":"http:\/\/hp-salentin.de\/index.php?rest_route=\/wp\/v2\/users\/2"}],"replies":[{"embeddable":true,"href":"http:\/\/hp-salentin.de\/index.php?rest_route=%2Fwp%2Fv2%2Fcomments&post=3130"}],"version-history":[{"count":10,"href":"http:\/\/hp-salentin.de\/index.php?rest_route=\/wp\/v2\/posts\/3130\/revisions"}],"predecessor-version":[{"id":3180,"href":"http:\/\/hp-salentin.de\/index.php?rest_route=\/wp\/v2\/posts\/3130\/revisions\/3180"}],"wp:attachment":[{"href":"http:\/\/hp-salentin.de\/index.php?rest_route=%2Fwp%2Fv2%2Fmedia&parent=3130"}],"wp:term":[{"taxonomy":"category","embeddable":true,"href":"http:\/\/hp-salentin.de\/index.php?rest_route=%2Fwp%2Fv2%2Fcategories&post=3130"},{"taxonomy":"post_tag","embeddable":true,"href":"http:\/\/hp-salentin.de\/index.php?rest_route=%2Fwp%2Fv2%2Ftags&post=3130"}],"curies":[{"name":"wp","href":"https:\/\/api.w.org\/{rel}","templated":true}]}}